{"id":25832,"date":"2011-08-06T14:39:47","date_gmt":"2011-08-06T14:39:47","guid":{"rendered":"http:\/\/archiv.szolnoktv.hu\/?p=25832"},"modified":"2021-10-28T17:31:40","modified_gmt":"2021-10-28T17:31:40","slug":"atadtak-az-arkad-parkolot","status":"publish","type":"post","link":"http:\/\/archiv.szolnoktv.hu\/?p=25832","title":{"rendered":"\u00c1tadt\u00e1k az \u00c1rk\u00e1d parkol\u00f3t"},"content":{"rendered":"<div class='booster-block booster-read-block'><\/div><p>\u00c1tadt\u00e1k a fel\u00faj\u00edtott \u00c1rk\u00e1d parkol\u00f3t. A v\u00e1ros tal\u00e1n legforgalmasabb parkol\u00f3j\u00e1ban nemcsak a burkolatot cser\u00e9lt\u00e9k ki, hanem \u00faj kocsi\u00e1ll\u00e1sokat is kialak\u00edtottak. \u00dajdons\u00e1g, hogy a motorosok is saj\u00e1t meg\u00e1ll\u00f3t kaptak. A fel\u00faj\u00edt\u00e1s k\u00f6lts\u00e9geit a Remondis Szolnok Zrt. Biztos\u00edtotta.<br \/>\n<br \/> M\u00e1t\u00f3l ism\u00e9t haszn\u00e1lhatj\u00e1k a szolnokiak az \u00c1rk\u00e1d parkol\u00f3t. A v\u00e1ros k\u00f6zpontj\u00e1ban l\u00e9v\u0151 parkol\u00f3 igen rossz \u00e1llapotban volt. A k\u00e1ty\u00fas, repedezett aszfaltot felmart\u00e1k \u00e9s t\u00e9rk\u00f6vet fektettek a hely\u00e9re. A meg\u00e1ll\u00f3k sz\u00e1m\u00e1t is n\u00f6velt\u00e9k. -78-r\u00f3l 90-re n\u0151tt a parkol\u00f3helyek sz\u00e1ma. Annyi v\u00e1ltoz\u00e1s van, hogy zs\u00e1kutc\u00e1v\u00e1 v\u00e1lt az \u00d3voda utca fel\u0151li r\u00e9sz. &#8211; mondta Szalay Ferenc, polg\u00e1rmester. A Remondis Szolnok Zrt. 80 milli\u00f3 forintot k\u00f6lt\u00f6tt a parkol\u00f3 fel\u00faj\u00edt\u00e1s\u00e1ra \u00e9s ez\u00fattal a motorosoknak is kedvezett a t\u00e1rsas\u00e1g. -A mostani parkol\u00f3kialak\u00edt\u00e1sn\u00e1l folytattuk azt a strukt\u00far\u00e1t, hogy a motoros \u00e9s az aut\u00f3s t\u00e1rsadalom konfliktus\u00e1t oldjuk, hogy k\u00fcl\u00f6n motoros parkol\u00f3kat alak\u00edtottunk ki. Itt most n\u00e9gy darab k\u00fcl\u00f6n motoros parkol\u00f3 lett kialak\u00edtva.- nyilatkozta a t\u00e1rsas\u00e1g \u00fcgyvezet\u0151 igazgat\u00f3ja, Lits L\u00e1szl\u00f3. Ugyanakkor mozg\u00e1ss\u00e9r\u00fclt \u00e9s csal\u00e1di parkol\u00f3helyeket  is l\u00e9trehoztak.   A polg\u00e1rmester elmondta, a k\u00f6vetkez\u0151 h\u00e9ten megkezdik a Magyar utca fel\u00faj\u00edt\u00e1s\u00e1t is. A c\u00e9l, hogy az utca teljes hossz\u00e1ban d\u00edszburkolatot kapjon. B\u00e1r nem akkora lend\u00fclettel, mint a kor\u00e1bbi \u00e9vekben, de folytatj\u00e1k az \u00fath\u00e1l\u00f3zat, valamint a parkol\u00f3k \u00e9s j\u00e1rd\u00e1k fel\u00faj\u00edt\u00e1s\u00e1t is, folytatta gondolatait Szalay Ferenc. A terv, hogy a belv\u00e1ros j\u00e1rd\u00e1i, utc\u00e1i t\u00e9rburkolatot kapnak.<br \/>\n<div style=\"width: 640px;\" class=\"wp-video\"><!--[if lt IE 9]><script>document.createElement('video');<\/script><![endif]-->\n<video class=\"wp-video-shortcode\" id=\"video-25832-1\" width=\"640\" height=\"360\" preload=\"metadata\" controls=\"controls\"><source type=\"video\/mp4\" src=\"\/spots\/hir\/hir_110805_03.mp4?_=1\" \/><a href=\"\/spots\/hir\/hir_110805_03.mp4\">\/spots\/hir\/hir_110805_03.mp4<\/a><\/video><\/div><\/p>\n","protected":false},"excerpt":{"rendered":"<p>\u00c1tadt\u00e1k a fel\u00faj\u00edtott \u00c1rk\u00e1d parkol\u00f3t. A v\u00e1ros tal\u00e1n legforgalmasabb parkol\u00f3j\u00e1ban nemcsak a burkolatot cser\u00e9lt\u00e9k ki, hanem \u00faj kocsi\u00e1ll\u00e1sokat is kialak\u00edtottak. \u00dajdons\u00e1g, hogy a motorosok is saj\u00e1t meg\u00e1ll\u00f3t kaptak. A fel\u00faj\u00edt\u00e1s k\u00f6lts\u00e9geit a Remondis Szolnok Zrt. Biztos\u00edtotta. M\u00e1t\u00f3l ism\u00e9t haszn\u00e1lhatj\u00e1k a szolnokiak az \u00c1rk\u00e1d parkol\u00f3t. A v\u00e1ros k\u00f6zpontj\u00e1ban l\u00e9v\u0151 parkol\u00f3 igen rossz \u00e1llapotban volt. A k\u00e1ty\u00fas, [&hellip;]<\/p>\n","protected":false},"author":2,"featured_media":0,"comment_status":"open","ping_status":"open","sticky":false,"template":"","format":"standard","meta":[],"categories":[21],"tags":[],"_links":{"self":[{"href":"http:\/\/archiv.szolnoktv.hu\/index.php?rest_route=\/wp\/v2\/posts\/25832"}],"collection":[{"href":"http:\/\/archiv.szolnoktv.hu\/index.php?rest_route=\/wp\/v2\/posts"}],"about":[{"href":"http:\/\/archiv.szolnoktv.hu\/index.php?rest_route=\/wp\/v2\/types\/post"}],"author":[{"embeddable":true,"href":"http:\/\/archiv.szolnoktv.hu\/index.php?rest_route=\/wp\/v2\/users\/2"}],"replies":[{"embeddable":true,"href":"http:\/\/archiv.szolnoktv.hu\/index.php?rest_route=%2Fwp%2Fv2%2Fcomments&post=25832"}],"version-history":[{"count":1,"href":"http:\/\/archiv.szolnoktv.hu\/index.php?rest_route=\/wp\/v2\/posts\/25832\/revisions"}],"predecessor-version":[{"id":26017,"href":"http:\/\/archiv.szolnoktv.hu\/index.php?rest_route=\/wp\/v2\/posts\/25832\/revisions\/26017"}],"wp:attachment":[{"href":"http:\/\/archiv.szolnoktv.hu\/index.php?rest_route=%2Fwp%2Fv2%2Fmedia&parent=25832"}],"wp:term":[{"taxonomy":"category","embeddable":true,"href":"http:\/\/archiv.szolnoktv.hu\/index.php?rest_route=%2Fwp%2Fv2%2Fcategories&post=25832"},{"taxonomy":"post_tag","embeddable":true,"href":"http:\/\/archiv.szolnoktv.hu\/index.php?rest_route=%2Fwp%2Fv2%2Ftags&post=25832"}],"curies":[{"name":"wp","href":"https:\/\/api.w.org\/{rel}","templated":true}]}}