{"id":25831,"date":"2011-08-05T14:56:59","date_gmt":"2011-08-05T14:56:59","guid":{"rendered":"http:\/\/archiv.szolnoktv.hu\/?p=25831"},"modified":"2021-10-28T17:31:40","modified_gmt":"2021-10-28T17:31:40","slug":"orszagos-veradonap","status":"publish","type":"post","link":"http:\/\/archiv.szolnoktv.hu\/?p=25831","title":{"rendered":"Orsz\u00e1gos v\u00e9rad\u00f3nap"},"content":{"rendered":"<div class='booster-block booster-read-block'><\/div><p>Orsz\u00e1gos v\u00e9rad\u00f3napot szervezett egy p\u00e9nz\u00fcgyi szolg\u00e1ltat\u00f3 c\u00e9gcsoport. Az orsz\u00e1gos v\u00e9rell\u00e1t\u00f3 szolg\u00e1lat k\u00e9r\u00e9s\u00e9re a ny\u00e1r eleje helyett augusztusra tett\u00e9k \u00e1t az id\u0151pontot, hiszen ilyenkor a szabads\u00e1gol\u00e1sok miatt a megszokottn\u00e1l j\u00f3val kisebb a v\u00e9rk\u00e9szlet.<br \/>\n<br \/> Egyre kevesebb a v\u00e9rad\u00f3, r\u00e1ad\u00e1sul a szabads\u00e1gol\u00e1sok miatt ilyenkor tov\u00e1bb cs\u00f6kken a sz\u00e1muk. Ny\u00e1ron a ter\u00fcleti v\u00e9r\u00e1llat\u00f3kban harmadannyi v\u00e9rt tudnak levenni, mint az \u00e9v t\u00f6bbi szak\u00e1ban. -A v\u00e9rhi\u00e1nyt megpr\u00f3b\u00e1ljuk kezelni. Minden s\u00fcrg\u0151s beavatkoz\u00e1shoz biztos\u00edtjuk els\u0151sorban a v\u00e9rk\u00e9sz\u00edtm\u00e9nyeket. Term\u00e9szetesen egyeztet\u00e9s t\u00e1rgy\u00e1t k\u00e9pezik az el\u0151re tervezett m\u0171t\u00e9tek, hiszen ott terv szerint lehet haladni, n\u00e9h\u00e1ny napos cs\u00fasz\u00e1sok a tervezett m\u0171t\u00e9tekn\u00e9l id\u0151nk\u00e9nt el\u0151fordulnak ezen id\u0151szak alatt.- mondta Dr. Tomek \u00c1gnes, ter\u00fcletvezet\u0151 f\u0151orvos. Az UFS p\u00e9nz\u00fcgyi szolg\u00e1ltat\u00f3 c\u00e9gcsoport 2008 \u00f3ta szervez orsz\u00e1gos v\u00e9rad\u00f3 akci\u00f3t, hogy ekk\u00e9ppen j\u00e1ruljon hozz\u00e1 az orsz\u00e1g biztons\u00e1gos v\u00e9rell\u00e1t\u00e1s\u00e1hoz. Id\u00e9n el\u0151sz\u00f6r nemcsak a v\u00e1llalat munkat\u00e1rsai adhatnak v\u00e9rt, hanem b\u00e1rki, aki \u00fagy \u00e9rzi seg\u00edteni szeretne. \u00d6t v\u00e1ros, Budapest, Debrecen, P\u00e9cs, Szombathely \u00e9s Szolnok ter\u00fcleti v\u00e9rell\u00e1t\u00f3 szolg\u00e1latai vesznek r\u00e9szt az akci\u00f3ban.<br \/>\n<div style=\"width: 640px;\" class=\"wp-video\"><!--[if lt IE 9]><script>document.createElement('video');<\/script><![endif]-->\n<video class=\"wp-video-shortcode\" id=\"video-25831-1\" width=\"640\" height=\"360\" preload=\"metadata\" controls=\"controls\"><source type=\"video\/mp4\" src=\"\/spots\/hir\/hir_110805_02.mp4?_=1\" \/><a href=\"\/spots\/hir\/hir_110805_02.mp4\">\/spots\/hir\/hir_110805_02.mp4<\/a><\/video><\/div><\/p>\n","protected":false},"excerpt":{"rendered":"<p>Orsz\u00e1gos v\u00e9rad\u00f3napot szervezett egy p\u00e9nz\u00fcgyi szolg\u00e1ltat\u00f3 c\u00e9gcsoport. Az orsz\u00e1gos v\u00e9rell\u00e1t\u00f3 szolg\u00e1lat k\u00e9r\u00e9s\u00e9re a ny\u00e1r eleje helyett augusztusra tett\u00e9k \u00e1t az id\u0151pontot, hiszen ilyenkor a szabads\u00e1gol\u00e1sok miatt a megszokottn\u00e1l j\u00f3val kisebb a v\u00e9rk\u00e9szlet. Egyre kevesebb a v\u00e9rad\u00f3, r\u00e1ad\u00e1sul a szabads\u00e1gol\u00e1sok miatt ilyenkor tov\u00e1bb cs\u00f6kken a sz\u00e1muk. Ny\u00e1ron a ter\u00fcleti v\u00e9r\u00e1llat\u00f3kban harmadannyi v\u00e9rt tudnak levenni, mint az [&hellip;]<\/p>\n","protected":false},"author":2,"featured_media":0,"comment_status":"open","ping_status":"open","sticky":false,"template":"","format":"standard","meta":[],"categories":[21],"tags":[],"_links":{"self":[{"href":"http:\/\/archiv.szolnoktv.hu\/index.php?rest_route=\/wp\/v2\/posts\/25831"}],"collection":[{"href":"http:\/\/archiv.szolnoktv.hu\/index.php?rest_route=\/wp\/v2\/posts"}],"about":[{"href":"http:\/\/archiv.szolnoktv.hu\/index.php?rest_route=\/wp\/v2\/types\/post"}],"author":[{"embeddable":true,"href":"http:\/\/archiv.szolnoktv.hu\/index.php?rest_route=\/wp\/v2\/users\/2"}],"replies":[{"embeddable":true,"href":"http:\/\/archiv.szolnoktv.hu\/index.php?rest_route=%2Fwp%2Fv2%2Fcomments&post=25831"}],"version-history":[{"count":1,"href":"http:\/\/archiv.szolnoktv.hu\/index.php?rest_route=\/wp\/v2\/posts\/25831\/revisions"}],"predecessor-version":[{"id":26018,"href":"http:\/\/archiv.szolnoktv.hu\/index.php?rest_route=\/wp\/v2\/posts\/25831\/revisions\/26018"}],"wp:attachment":[{"href":"http:\/\/archiv.szolnoktv.hu\/index.php?rest_route=%2Fwp%2Fv2%2Fmedia&parent=25831"}],"wp:term":[{"taxonomy":"category","embeddable":true,"href":"http:\/\/archiv.szolnoktv.hu\/index.php?rest_route=%2Fwp%2Fv2%2Fcategories&post=25831"},{"taxonomy":"post_tag","embeddable":true,"href":"http:\/\/archiv.szolnoktv.hu\/index.php?rest_route=%2Fwp%2Fv2%2Ftags&post=25831"}],"curies":[{"name":"wp","href":"https:\/\/api.w.org\/{rel}","templated":true}]}}