{"id":25830,"date":"2011-08-05T11:56:32","date_gmt":"2011-08-05T11:56:32","guid":{"rendered":"http:\/\/archiv.szolnoktv.hu\/?p=25830"},"modified":"2021-10-28T17:31:40","modified_gmt":"2021-10-28T17:31:40","slug":"a-38-as-busz-utvonala-megvaltozik","status":"publish","type":"post","link":"http:\/\/archiv.szolnoktv.hu\/?p=25830","title":{"rendered":"A 38-as busz \u00fatvonala megv\u00e1ltozik"},"content":{"rendered":"<div class='booster-block booster-read-block'><\/div><p>Mint arr\u00f3l szerd\u00e1n besz\u00e1moltunk h\u00e9tf\u0151n megkezd\u0151dik Szandasz\u0151l\u0151s k\u00f6zpontj\u00e1nak rekonstrukci\u00f3ja, ami tart\u00f3s forglamirend v\u00e1ltoz\u00e1ssal is j\u00e1r. Az\u00f3ta t\u00f6bben is megkerest\u00e9k szerkeszt\u0151s\u00e9g\u00fcnket azzal a k\u00e9rd\u00e9ssel, hogy ez mik\u00e9nt befoly\u00e1solja a buszj\u00e1ratokat. A 38-as \u00fatvonala v\u00e1ltozik, a 7-es \u00e9s 8-as pedig v\u00e1rhat\u00f3an k\u00e9s\u00e9sekkel fog k\u00f6zlekedni.<br \/>\n<br \/>H\u00e9tf\u0151n elkezd\u0151dik a 655 milli\u00f3s fejleszt\u00e9s Szandasz\u0151l\u0151s sz\u00edv\u00e9ben. A munk\u00e1latok forgalmirend v\u00e1ltoz\u00e1ssal is j\u00e1rnak, amelyek els\u0151sorban a buszokat \u00e9rintik. Konkr\u00e9tan h\u00e1rom j\u00e1ratot. \u201eEgy darab j\u00e1rat m\u00f3dos\u00edt\u00e1sunk lesz, a 38-as j\u00e1rat nem t\u00e9r be az iskolai meg\u00e1ll\u00f3hoz, megfordul\u00e1s ezut\u00e1n lehetetlen lesz, ez\u00e9rt k\u00e9rj\u00fck az utaz\u00f3 k\u00f6z\u00f6ns\u00e9get, hogy a G\u00e1zcseretelep meg\u00e1ll\u00f3t vegy\u00e9k ig\u00e9nybe.\u201e &#8211; mondta Makai Zolt\u00e1n forgalmi vezet\u0151. A 38-as eddig a V\u00f6r\u00f6smez\u0151r\u0151l bekanyarodott Szandasz\u0151l\u0151si iskola meg\u00e1ll\u00f3hoz \u00e9s ott visszafordult &#8211; ez a j\u00f6v\u0151ben az \u00fatszakasz fel\u00faj\u00edt\u00e1sa \u00e9s sz\u00e9less\u00e9ge miatt lehetetlen lesz. Erre egy\u00e9bk\u00e9nt egy hirdetm\u00e9ny is felh\u00edvja a lakoss\u00e1g figyelm\u00e9t. A fel\u00faj\u00edt\u00e1s alatt \u00faj, ideiglenes buszmeg\u00e1ll\u00f3kat alak\u00edtanak ki aV\u00f6r\u00f6smez\u0151 \u00fat ir\u00e1ny\u00e1ba, mindk\u00e9t oldalban. A munk\u00e1latok v\u00e9g\u00e9ig, okt\u00f3ber 27-ig tart majd ez az ideiglenes \u00e1llpot. A 38-as buszhoz teh\u00e1t ki kell s\u00e9t\u00e1lni a G\u00e1zcseretelep meg\u00e1ll\u00f3ba, de mi a helyzet a k\u00e9t forgalmas j\u00e1rattal, a 7-es \u00e9s 8-as buszokkal? \u201eA j\u00e1rati \u00fatvonal megmarad, de az utaz\u00f3k\u00f6z\u00f6ns\u00e9g k\u00e9s\u00e9sekre \u00e9s lass\u00edt\u00e1sokra sz\u00e1m\u00edthat.\u201e &#8211; tette hozz\u00e1 Makai Zolt\u00e1n. A j\u00e1ratok teh\u00e1t k\u00f6zlekednek &#8211; k\u00e9s\u00e9sekkel. Ezt mindenki vegye figyelembe indul\u00e1s el\u0151tt. Az aut\u00f3sokat is \u00e9rinti a v\u00e1ltoz\u00e1s. \u00d5ket annyiban, hogy a Gorkij utca \u00e9s a Kr\u00fady Gyula \u00fat keresztez\u0151d\u00e9s\u00e9t\u0151l a V\u00f6r\u00f6smez\u0151 illetve a Karinthy utak ir\u00e1ny\u00e1ba \u00fatsz\u0171k\u00fclet v\u00e1rhat\u00f3. 30 km\/h-\u00e1s sebess\u00e9gkorl\u00e1toz\u00e1st jelz\u0151 \u00e9s Stop t\u00e1bl\u00e1kat helyeznek ki az \u00fatszakaszra. Az \u00f3vod\u00e1val szemk\u00f6zti parkol\u00f3t lez\u00e1rj\u00e1k.<br \/>\n<div style=\"width: 640px;\" class=\"wp-video\"><!--[if lt IE 9]><script>document.createElement('video');<\/script><![endif]-->\n<video class=\"wp-video-shortcode\" id=\"video-25830-1\" width=\"640\" height=\"360\" preload=\"metadata\" controls=\"controls\"><source type=\"video\/mp4\" src=\"\/spots\/hir\/hir_110805_01.mp4?_=1\" \/><a href=\"\/spots\/hir\/hir_110805_01.mp4\">\/spots\/hir\/hir_110805_01.mp4<\/a><\/video><\/div><\/p>\n","protected":false},"excerpt":{"rendered":"<p>Mint arr\u00f3l szerd\u00e1n besz\u00e1moltunk h\u00e9tf\u0151n megkezd\u0151dik Szandasz\u0151l\u0151s k\u00f6zpontj\u00e1nak rekonstrukci\u00f3ja, ami tart\u00f3s forglamirend v\u00e1ltoz\u00e1ssal is j\u00e1r. Az\u00f3ta t\u00f6bben is megkerest\u00e9k szerkeszt\u0151s\u00e9g\u00fcnket azzal a k\u00e9rd\u00e9ssel, hogy ez mik\u00e9nt befoly\u00e1solja a buszj\u00e1ratokat. A 38-as \u00fatvonala v\u00e1ltozik, a 7-es \u00e9s 8-as pedig v\u00e1rhat\u00f3an k\u00e9s\u00e9sekkel fog k\u00f6zlekedni. H\u00e9tf\u0151n elkezd\u0151dik a 655 milli\u00f3s fejleszt\u00e9s Szandasz\u0151l\u0151s sz\u00edv\u00e9ben. A munk\u00e1latok forgalmirend v\u00e1ltoz\u00e1ssal is [&hellip;]<\/p>\n","protected":false},"author":2,"featured_media":0,"comment_status":"open","ping_status":"open","sticky":false,"template":"","format":"standard","meta":[],"categories":[21],"tags":[],"_links":{"self":[{"href":"http:\/\/archiv.szolnoktv.hu\/index.php?rest_route=\/wp\/v2\/posts\/25830"}],"collection":[{"href":"http:\/\/archiv.szolnoktv.hu\/index.php?rest_route=\/wp\/v2\/posts"}],"about":[{"href":"http:\/\/archiv.szolnoktv.hu\/index.php?rest_route=\/wp\/v2\/types\/post"}],"author":[{"embeddable":true,"href":"http:\/\/archiv.szolnoktv.hu\/index.php?rest_route=\/wp\/v2\/users\/2"}],"replies":[{"embeddable":true,"href":"http:\/\/archiv.szolnoktv.hu\/index.php?rest_route=%2Fwp%2Fv2%2Fcomments&post=25830"}],"version-history":[{"count":1,"href":"http:\/\/archiv.szolnoktv.hu\/index.php?rest_route=\/wp\/v2\/posts\/25830\/revisions"}],"predecessor-version":[{"id":26019,"href":"http:\/\/archiv.szolnoktv.hu\/index.php?rest_route=\/wp\/v2\/posts\/25830\/revisions\/26019"}],"wp:attachment":[{"href":"http:\/\/archiv.szolnoktv.hu\/index.php?rest_route=%2Fwp%2Fv2%2Fmedia&parent=25830"}],"wp:term":[{"taxonomy":"category","embeddable":true,"href":"http:\/\/archiv.szolnoktv.hu\/index.php?rest_route=%2Fwp%2Fv2%2Fcategories&post=25830"},{"taxonomy":"post_tag","embeddable":true,"href":"http:\/\/archiv.szolnoktv.hu\/index.php?rest_route=%2Fwp%2Fv2%2Ftags&post=25830"}],"curies":[{"name":"wp","href":"https:\/\/api.w.org\/{rel}","templated":true}]}}