{"id":25829,"date":"2011-08-04T18:00:17","date_gmt":"2011-08-04T18:00:17","guid":{"rendered":"http:\/\/archiv.szolnoktv.hu\/?p=25829"},"modified":"2021-10-28T17:31:41","modified_gmt":"2021-10-28T17:31:41","slug":"2016-ig-megepul-az-m4-es","status":"publish","type":"post","link":"http:\/\/archiv.szolnoktv.hu\/?p=25829","title":{"rendered":"2016-ig meg\u00e9p\u00fcl az M4-es"},"content":{"rendered":"<div class='booster-block booster-read-block'><\/div><p>2016-ig elk\u00e9sz\u00fcl az M4-es aut\u00f3p\u00e1lya \u00dcll\u0151 \u00e9s T\u00f6r\u00f6kszentmikl\u00f3s k\u00f6z\u00f6tti szakasza, nyilatkozta Dr. V\u00f6lner P\u00e1l, infrastrukt\u00far\u00e1\u00e9rt felel\u0151s \u00e1llamtitk\u00e1r. J\u00e1sz-Nagykun-Szolnok Megye szempontj\u00e1b\u00f3l a legfontosabb, hogy elk\u00e9sz\u00fclhet a Szolnokot \u00e9szakr\u00f3l elker\u00fcl\u0151 \u00fat, valamint egy \u00faj Tisza-h\u00edd.<br \/>\n<br \/>A gyorsforgalmi utakkal kapcsolatos strat\u00e9gi\u00e1t a korm\u00e1ny a k\u00f6zelm\u00faltban fogadta el. Ebben t\u00f6bbek k\u00f6z\u00f6tt az is szerepel, hogy 2016-ig, a program els\u0151 ciklus\u00e1ban meg kell \u00e9p\u00edteni az M4-es aut\u00f3p\u00e1lya \u00dcll\u0151 \u00e9s T\u00f6r\u00f6kszentmikl\u00f3s k\u00f6z\u00f6tti szakasz\u00e1t, nyilatkozta szolnoki l\u00e1togat\u00e1sa sor\u00e1n az infrastrukt\u00far\u00e1\u00e9rt felel\u0151s \u00e1llamtitk\u00e1r. -A Pest megyei szakaszra nem volt ig\u00e9nybe vehet\u0151 uni\u00f3s forr\u00e1s, illetve a kor\u00e1bbi tervek a jelenlegi szabv\u00e1nyoknak nem feleltek meg. \u00c1t kell terveztetni ezeket a szakaszokat az uni\u00f3s el\u0151\u00edr\u00e1soknak megfelel\u0151en \u00e9s el\u0151rel\u00e1that\u00f3lag a 2014-t\u0151l indul\u00f3 \u00faj p\u00e9nz\u00fcgyi ciklusban kell majd forr\u00e1sokat biztos\u00edtani az \u00fat meg\u00e9p\u00edt\u00e9s\u00e9re.- folytatta gondolatait Dr. V\u00f6lner P\u00e1l. Az M4-esen k\u00edv\u00fcl sz\u00f3ba ker\u00fclt n\u00e9h\u00e1ny megyei \u00fatszakasz is. Ezek fel\u00faj\u00edt\u00e1s\u00e1nak enged\u00e9lyeztet\u00e9si folyamat\u00e1t pr\u00f3b\u00e1lj\u00e1k meggyors\u00edtani. A tan\u00e1cskoz\u00e1son sz\u00f3ba ker\u00fclt a Szolnokot \u00e9szakr\u00f3l elker\u00fcl\u0151 \u00fat meg\u00e9p\u00edt\u00e9se is, mely bekapcsol\u00f3dna az M4-esbe, valamint egy \u00faj Tisza-h\u00edd meg\u00e9p\u00edt\u00e9se.<br \/>\n<div style=\"width: 640px;\" class=\"wp-video\"><!--[if lt IE 9]><script>document.createElement('video');<\/script><![endif]-->\n<video class=\"wp-video-shortcode\" id=\"video-25829-1\" width=\"640\" height=\"360\" preload=\"metadata\" controls=\"controls\"><source type=\"video\/mp4\" src=\"\/spots\/hir\/hir_110804_04.mp4?_=1\" \/><a href=\"\/spots\/hir\/hir_110804_04.mp4\">\/spots\/hir\/hir_110804_04.mp4<\/a><\/video><\/div><\/p>\n","protected":false},"excerpt":{"rendered":"<p>2016-ig elk\u00e9sz\u00fcl az M4-es aut\u00f3p\u00e1lya \u00dcll\u0151 \u00e9s T\u00f6r\u00f6kszentmikl\u00f3s k\u00f6z\u00f6tti szakasza, nyilatkozta Dr. V\u00f6lner P\u00e1l, infrastrukt\u00far\u00e1\u00e9rt felel\u0151s \u00e1llamtitk\u00e1r. J\u00e1sz-Nagykun-Szolnok Megye szempontj\u00e1b\u00f3l a legfontosabb, hogy elk\u00e9sz\u00fclhet a Szolnokot \u00e9szakr\u00f3l elker\u00fcl\u0151 \u00fat, valamint egy \u00faj Tisza-h\u00edd. A gyorsforgalmi utakkal kapcsolatos strat\u00e9gi\u00e1t a korm\u00e1ny a k\u00f6zelm\u00faltban fogadta el. Ebben t\u00f6bbek k\u00f6z\u00f6tt az is szerepel, hogy 2016-ig, a program els\u0151 [&hellip;]<\/p>\n","protected":false},"author":2,"featured_media":0,"comment_status":"open","ping_status":"open","sticky":false,"template":"","format":"standard","meta":[],"categories":[21],"tags":[],"_links":{"self":[{"href":"http:\/\/archiv.szolnoktv.hu\/index.php?rest_route=\/wp\/v2\/posts\/25829"}],"collection":[{"href":"http:\/\/archiv.szolnoktv.hu\/index.php?rest_route=\/wp\/v2\/posts"}],"about":[{"href":"http:\/\/archiv.szolnoktv.hu\/index.php?rest_route=\/wp\/v2\/types\/post"}],"author":[{"embeddable":true,"href":"http:\/\/archiv.szolnoktv.hu\/index.php?rest_route=\/wp\/v2\/users\/2"}],"replies":[{"embeddable":true,"href":"http:\/\/archiv.szolnoktv.hu\/index.php?rest_route=%2Fwp%2Fv2%2Fcomments&post=25829"}],"version-history":[{"count":1,"href":"http:\/\/archiv.szolnoktv.hu\/index.php?rest_route=\/wp\/v2\/posts\/25829\/revisions"}],"predecessor-version":[{"id":26020,"href":"http:\/\/archiv.szolnoktv.hu\/index.php?rest_route=\/wp\/v2\/posts\/25829\/revisions\/26020"}],"wp:attachment":[{"href":"http:\/\/archiv.szolnoktv.hu\/index.php?rest_route=%2Fwp%2Fv2%2Fmedia&parent=25829"}],"wp:term":[{"taxonomy":"category","embeddable":true,"href":"http:\/\/archiv.szolnoktv.hu\/index.php?rest_route=%2Fwp%2Fv2%2Fcategories&post=25829"},{"taxonomy":"post_tag","embeddable":true,"href":"http:\/\/archiv.szolnoktv.hu\/index.php?rest_route=%2Fwp%2Fv2%2Ftags&post=25829"}],"curies":[{"name":"wp","href":"https:\/\/api.w.org\/{rel}","templated":true}]}}