{"id":25827,"date":"2011-08-04T12:25:01","date_gmt":"2011-08-04T12:25:01","guid":{"rendered":"http:\/\/archiv.szolnoktv.hu\/?p=25827"},"modified":"2021-10-28T17:31:41","modified_gmt":"2021-10-28T17:31:41","slug":"edzesben-a-szolnoki-mav-2","status":"publish","type":"post","link":"http:\/\/archiv.szolnoktv.hu\/?p=25827","title":{"rendered":"Edz\u00e9sben a Szolnoki M\u00c1V"},"content":{"rendered":"<div class='booster-block booster-read-block'><\/div><p>Jav\u00e1ban k\u00e9sz\u00fcl a Szolnoki M\u00c1V FC labdar\u00fag\u00f3 csapata az augusztus 21-\u00e9n indul\u00f3 m\u00e1sodoszt\u00e1ly\u00fa bajnoks\u00e1gra. A Tisza-parti klub a s\u00e1rv\u00e1ri edz\u0151t\u00e1boroz\u00e1s ut\u00e1n m\u00e1r hazai k\u00f6rnyezetben edz.<br \/>\n<br \/>Tavaly augusztusban 62 esztend\u0151 ut\u00e1n \u00fajra els\u0151 oszt\u00e1ly\u00fa bajnoki m\u00e9rk\u0151z\u00e9st j\u00e1tszott a Szolnok, a visszat\u00e9r\u00e9s pedig fantasztikus volt: a csapat 3-1-re verte a Paksot. Az\u00f3ta sok v\u00edz lefolyt a Tisz\u00e1n, a csapat kiesett az NBI-b\u0151l, a tulajdonos Ferencz G\u00e1bor t\u00e1vozott, a g\u00e1rda nagy r\u00e9sze kicser\u00e9l\u0151d\u00f6tt. A megfiatal\u00edtott egy\u00fcttes t\u00f6bb, mint h\u00e1rom hete edz, t\u00fal van h\u00e9t edz\u0151meccsen &#8211; k\u00e9sz\u00fcl a m\u00e1sodoszt\u00e1ly rajtj\u00e1ra. Tegnap is edz\u0151meccset j\u00e1tszott a Romanek-csapat, amely 10-2-re verte a Pest megyei els\u0151 oszt\u00e1lyban szerepl\u0151 Nagyk\u0151r\u00f6s csapat\u00e1t. \u00c1m, hogy bajnokin mire lehet k\u00e9pes az egy\u00fcttes m\u00e9g nem tudni. Antal G\u00e1bor mindenesetre bizakod\u00f3. Azt viszont egy\u00e9rtelm\u0171 c\u00e9lk\u00e9nt t\u0171zte ki a vezet\u0151s\u00e9g, hogy egyre t\u00f6bben legyenek a lel\u00e1t\u00f3n. Ez persze els\u0151sorban a csapaton m\u00falik &#8211; ha j\u00f6nnek az eredm\u00e9nyek, ha szerethet\u0151 a g\u00e1rda, akkor van szurkol\u00f3 is. A csapat h\u00e9tv\u00e9g\u00e9n B\u00e9k\u00e9scsab\u00e1ra utazik, ahol egy h\u00e1rom csapatos torn\u00e1n szerepel. Az els\u0151 bajnoki m\u00e9rk\u0151z\u00e9st pedig augusztus 21-\u00e9n hazai k\u00f6rnyezetben v\u00edvj\u00e1k a k\u00e9k-feh\u00e9rek, az ellenf\u00e9l a Szeged lesz.<br \/>\n<div style=\"width: 640px;\" class=\"wp-video\"><!--[if lt IE 9]><script>document.createElement('video');<\/script><![endif]-->\n<video class=\"wp-video-shortcode\" id=\"video-25827-1\" width=\"640\" height=\"360\" preload=\"metadata\" controls=\"controls\"><source type=\"video\/mp4\" src=\"\/spots\/hir\/hir_110804_01.mp4?_=1\" \/><a href=\"\/spots\/hir\/hir_110804_01.mp4\">\/spots\/hir\/hir_110804_01.mp4<\/a><\/video><\/div><\/p>\n","protected":false},"excerpt":{"rendered":"<p>Jav\u00e1ban k\u00e9sz\u00fcl a Szolnoki M\u00c1V FC labdar\u00fag\u00f3 csapata az augusztus 21-\u00e9n indul\u00f3 m\u00e1sodoszt\u00e1ly\u00fa bajnoks\u00e1gra. A Tisza-parti klub a s\u00e1rv\u00e1ri edz\u0151t\u00e1boroz\u00e1s ut\u00e1n m\u00e1r hazai k\u00f6rnyezetben edz. Tavaly augusztusban 62 esztend\u0151 ut\u00e1n \u00fajra els\u0151 oszt\u00e1ly\u00fa bajnoki m\u00e9rk\u0151z\u00e9st j\u00e1tszott a Szolnok, a visszat\u00e9r\u00e9s pedig fantasztikus volt: a csapat 3-1-re verte a Paksot. Az\u00f3ta sok v\u00edz lefolyt a Tisz\u00e1n, [&hellip;]<\/p>\n","protected":false},"author":2,"featured_media":0,"comment_status":"open","ping_status":"open","sticky":false,"template":"","format":"standard","meta":[],"categories":[21],"tags":[],"_links":{"self":[{"href":"http:\/\/archiv.szolnoktv.hu\/index.php?rest_route=\/wp\/v2\/posts\/25827"}],"collection":[{"href":"http:\/\/archiv.szolnoktv.hu\/index.php?rest_route=\/wp\/v2\/posts"}],"about":[{"href":"http:\/\/archiv.szolnoktv.hu\/index.php?rest_route=\/wp\/v2\/types\/post"}],"author":[{"embeddable":true,"href":"http:\/\/archiv.szolnoktv.hu\/index.php?rest_route=\/wp\/v2\/users\/2"}],"replies":[{"embeddable":true,"href":"http:\/\/archiv.szolnoktv.hu\/index.php?rest_route=%2Fwp%2Fv2%2Fcomments&post=25827"}],"version-history":[{"count":1,"href":"http:\/\/archiv.szolnoktv.hu\/index.php?rest_route=\/wp\/v2\/posts\/25827\/revisions"}],"predecessor-version":[{"id":26022,"href":"http:\/\/archiv.szolnoktv.hu\/index.php?rest_route=\/wp\/v2\/posts\/25827\/revisions\/26022"}],"wp:attachment":[{"href":"http:\/\/archiv.szolnoktv.hu\/index.php?rest_route=%2Fwp%2Fv2%2Fmedia&parent=25827"}],"wp:term":[{"taxonomy":"category","embeddable":true,"href":"http:\/\/archiv.szolnoktv.hu\/index.php?rest_route=%2Fwp%2Fv2%2Fcategories&post=25827"},{"taxonomy":"post_tag","embeddable":true,"href":"http:\/\/archiv.szolnoktv.hu\/index.php?rest_route=%2Fwp%2Fv2%2Ftags&post=25827"}],"curies":[{"name":"wp","href":"https:\/\/api.w.org\/{rel}","templated":true}]}}