{"id":25826,"date":"2011-08-03T17:52:33","date_gmt":"2011-08-03T17:52:33","guid":{"rendered":"http:\/\/archiv.szolnoktv.hu\/?p=25826"},"modified":"2021-10-28T17:31:41","modified_gmt":"2021-10-28T17:31:41","slug":"szanda-szepul-2","status":"publish","type":"post","link":"http:\/\/archiv.szolnoktv.hu\/?p=25826","title":{"rendered":"\u201cSzanda Sz\u00e9p\u00fcl\u201e"},"content":{"rendered":"<div class='booster-block booster-read-block'><\/div><p>Megkezd\u0151dik a v\u00e1rosr\u00e9sz k\u00f6zpontj\u00e1nak rekonstrukci\u00f3ja, \u00e1talak\u00edt\u00e1sa.  A h\u00e9tf\u0151i els\u0151 kapav\u00e1g\u00e1s nyom\u00e1n tart\u00f3s forgalmirend v\u00e1ltoz\u00e1s l\u00e9p \u00e9letbe. A r\u00e9szletekr\u0151l sajt\u00f3t\u00e1j\u00e9koztat\u00f3n sz\u00e1molt be a v\u00e1rosvezet\u00e9s.<br \/>\n<br \/>Elj\u00f6tt az id\u0151, Szandasz\u0151l\u0151s\u00f6n a sor&#8230;. T\u00f6bb mint f\u00e9l milli\u00e1rd forintb\u00f3l \u00fajul meg a nyolc \u00e9s f\u00e9lezres v\u00e1rosr\u00e9sz, mely sz\u00e1mos \u00faj- f\u0151leg a helyiek komfort\u00e9rzet\u00e9t jav\u00edt\u00f3- elemmel b\u0151v\u00fcl. A projekt t\u00f6bb elemet is mag\u00e1ba foglal. A v\u00e1rosr\u00e9sz \u00faj-, impoz\u00e1ns k\u00f6zponti teret kap. Az iskola melletti \u00e9p\u00fcletegy\u00fcttes egy rendezv\u00e9nyteret fog majd k\u00f6zre. Sz\u00f6k\u0151- \u00e9s iv\u00f3k\u00fat, pihen\u0151padok, a megk\u00f6zel\u00edt\u00e9st seg\u00edt\u0151 \u00faj biciklis \u00e9s gyalogos s\u00e1v kap majd helyet Szandasz\u0151l\u0151s sz\u00edv\u00e9ben. A t\u00e9r egyfajta lez\u00e1r\u00e1sak\u00e9nt a m\u0171vel\u0151d\u00e9si h\u00e1z is l\u00e1tv\u00e1nyos szerepet kap majd. Az \u00e9p\u00fclet ny\u00edl\u00e1sz\u00e1r\u00f3it kicser\u00e9lik, f\u0171t\u00e9si rendszer\u00e9t korszer\u0171s\u00edtik. A fejleszt\u00e9sek p\u00e1ly\u00e1zati forr\u00e1sb\u00f3l \u00e9s a v\u00e1ros saj\u00e1t erej\u00e9b\u0151l val\u00f3sulnak meg, \u00f6sszesen 655 milli\u00f3 forintb\u00f3l. A v\u00e1rt eredm\u00e9ny a tabl\u00f3kon bemutatott sz\u00e1m\u00edt\u00f3g\u00e9pes modelleken m\u00e1r most lem\u00e9rhet\u0151. Ahhoz azonban, hogy val\u00f3ban megsz\u00e9p\u00fclj\u00f6n, a lak\u00f3k t\u00fcrelm\u00e9re \u00e9s meg\u00e9rt\u00e9s\u00e9re is sz\u00fcks\u00e9g van, hiszen az okt\u00f3ber v\u00e9g\u00e9ig tart\u00f3 beruh\u00e1z\u00e1s k\u00e9nyszer\u0171 forgalmi rend v\u00e1ltoz\u00e1ssal j\u00e1r majd.<br \/>\n<div style=\"width: 640px;\" class=\"wp-video\"><!--[if lt IE 9]><script>document.createElement('video');<\/script><![endif]-->\n<video class=\"wp-video-shortcode\" id=\"video-25826-1\" width=\"640\" height=\"360\" preload=\"metadata\" controls=\"controls\"><source type=\"video\/mp4\" src=\"\/spots\/hir\/hir_110803_06.mp4?_=1\" \/><a href=\"\/spots\/hir\/hir_110803_06.mp4\">\/spots\/hir\/hir_110803_06.mp4<\/a><\/video><\/div><\/p>\n","protected":false},"excerpt":{"rendered":"<p>Megkezd\u0151dik a v\u00e1rosr\u00e9sz k\u00f6zpontj\u00e1nak rekonstrukci\u00f3ja, \u00e1talak\u00edt\u00e1sa. A h\u00e9tf\u0151i els\u0151 kapav\u00e1g\u00e1s nyom\u00e1n tart\u00f3s forgalmirend v\u00e1ltoz\u00e1s l\u00e9p \u00e9letbe. A r\u00e9szletekr\u0151l sajt\u00f3t\u00e1j\u00e9koztat\u00f3n sz\u00e1molt be a v\u00e1rosvezet\u00e9s. Elj\u00f6tt az id\u0151, Szandasz\u0151l\u0151s\u00f6n a sor&#8230;. T\u00f6bb mint f\u00e9l milli\u00e1rd forintb\u00f3l \u00fajul meg a nyolc \u00e9s f\u00e9lezres v\u00e1rosr\u00e9sz, mely sz\u00e1mos \u00faj- f\u0151leg a helyiek komfort\u00e9rzet\u00e9t jav\u00edt\u00f3- elemmel b\u0151v\u00fcl. A projekt t\u00f6bb elemet [&hellip;]<\/p>\n","protected":false},"author":2,"featured_media":0,"comment_status":"open","ping_status":"open","sticky":false,"template":"","format":"standard","meta":[],"categories":[21],"tags":[],"_links":{"self":[{"href":"http:\/\/archiv.szolnoktv.hu\/index.php?rest_route=\/wp\/v2\/posts\/25826"}],"collection":[{"href":"http:\/\/archiv.szolnoktv.hu\/index.php?rest_route=\/wp\/v2\/posts"}],"about":[{"href":"http:\/\/archiv.szolnoktv.hu\/index.php?rest_route=\/wp\/v2\/types\/post"}],"author":[{"embeddable":true,"href":"http:\/\/archiv.szolnoktv.hu\/index.php?rest_route=\/wp\/v2\/users\/2"}],"replies":[{"embeddable":true,"href":"http:\/\/archiv.szolnoktv.hu\/index.php?rest_route=%2Fwp%2Fv2%2Fcomments&post=25826"}],"version-history":[{"count":1,"href":"http:\/\/archiv.szolnoktv.hu\/index.php?rest_route=\/wp\/v2\/posts\/25826\/revisions"}],"predecessor-version":[{"id":26023,"href":"http:\/\/archiv.szolnoktv.hu\/index.php?rest_route=\/wp\/v2\/posts\/25826\/revisions\/26023"}],"wp:attachment":[{"href":"http:\/\/archiv.szolnoktv.hu\/index.php?rest_route=%2Fwp%2Fv2%2Fmedia&parent=25826"}],"wp:term":[{"taxonomy":"category","embeddable":true,"href":"http:\/\/archiv.szolnoktv.hu\/index.php?rest_route=%2Fwp%2Fv2%2Fcategories&post=25826"},{"taxonomy":"post_tag","embeddable":true,"href":"http:\/\/archiv.szolnoktv.hu\/index.php?rest_route=%2Fwp%2Fv2%2Ftags&post=25826"}],"curies":[{"name":"wp","href":"https:\/\/api.w.org\/{rel}","templated":true}]}}