{"id":25825,"date":"2011-08-03T17:43:36","date_gmt":"2011-08-03T17:43:36","guid":{"rendered":"http:\/\/archiv.szolnoktv.hu\/?p=25825"},"modified":"2021-10-28T17:31:41","modified_gmt":"2021-10-28T17:31:41","slug":"nepszeru-a-kormanyablak","status":"publish","type":"post","link":"http:\/\/archiv.szolnoktv.hu\/?p=25825","title":{"rendered":"N\u00e9pszer\u0171 a korm\u00e1nyablak"},"content":{"rendered":"<div class='booster-block booster-read-block'><\/div><p>\u00daj igazgat\u00f3ja van e h\u00e9tt\u0151l a Megyei Eg\u00e9szs\u00e9gbiztos\u00edt\u00e1si P\u00e9nzt\u00e1rnak.  Egyre n\u00e9pszer\u0171bb a korm\u00e1nyablak. M\u0171v\u00e9szeti alkot\u00e1sokkal az \u00fcgyfelek\u00e9rt. Ezekr\u0151l a t\u00e9m\u00e1kr\u00f3l sz\u00e1molt be sajt\u00f3t\u00e1j\u00e9koztat\u00f3j\u00e1n a J\u00e1sz-Nagykun-Szolnok korm\u00e1nymegb\u00edzott.<br \/>\n<br \/> Janu\u00e1rban nyitott\u00e1k meg kapuikat orsz\u00e1gszerte a korm\u00e1nyablakok. A 29 helysz\u00edn egyetlen Szolnok megyei irod\u00e1ja a megyei nyugd\u00edj-biztos\u00edt\u00e1si igazgat\u00f3s\u00e1g f\u00f6ldszintj\u00e9n m\u0171k\u00f6dik. Az elm\u00falt 7 h\u00f3napban t\u00f6bb mint 4 ezer \u00fcgyf\u00e9lt szolg\u00e1ltak ki. B\u00e1r megdupl\u00e1z\u00f3dott az este 7 \u00e9s 8 \u00f3ra k\u00f6z\u00f6tt \u00fcgyeiket int\u00e9z\u0151k sz\u00e1ma, a forgalom z\u00f6me reggel 8 \u00e9s d\u00e9l k\u00f6z\u00f6tt zajlik. Tervezik az \u00fcgyk\u00f6r\u00f6k sz\u00e1m\u00e1nak b\u0151v\u00edt\u00e9s\u00e9t, hiszen az a c\u00e9l, hogy egyetlen helyen a lehet\u0151 legt\u00f6bb \u00fcgyet el tudjanak int\u00e9zni a megye polg\u00e1rai. A korm\u00e1nyablakot egy p\u00e1ly\u00e1zat seg\u00edts\u00e9g\u00e9vel is n\u00e9pszer\u0171s\u00edtik. A korm\u00e1nyhivatalok k\u00f6z\u00f6s m\u0171v\u00e9szeti p\u00e1ly\u00e1zatot hirdettek, \u201eV\u00e1ltozatos megy\u00e9ink az Eur\u00f3pai Uni\u00f3ban\u201e c\u00edmmel.18 \u00e9s 35 \u00e9v k\u00f6z\u00f6tti fiatalok alkot\u00e1sait v\u00e1rj\u00e1k b\u00e1rmilyen k\u00e9pz\u0151m\u0171v\u00e9szeti \u00e1gban. Az alkot\u00e1sokat a korm\u00e1nyhivatalba kell eljuttatni szeptember 15-ig. rnA korm\u00e1nymegb\u00edzott bejelentette: augusztus elsej\u00e9vel kinevezte a Megyei Korm\u00e1nyhivatal Eg\u00e9szs\u00e9gbiztos\u00edt\u00e1si P\u00e9nzt\u00e1r\u00e1nak  \u00faj igazgat\u00f3j\u00e1t. A posztot Farkas J\u00f3zsef k\u00f6zgazd\u00e1sz, eg\u00e9szs\u00e9g\u00fcgyi menedzser t\u00f6lti be, akit  k\u00e9zilabda edz\u0151k\u00e9nt \u00e9s a szentesi k\u00f3rh\u00e1z gazdas\u00e1gi igazgat\u00f3jak\u00e9nt ismerhett\u00fcnk kor\u00e1bban.<br \/>\n<div style=\"width: 640px;\" class=\"wp-video\"><!--[if lt IE 9]><script>document.createElement('video');<\/script><![endif]-->\n<video class=\"wp-video-shortcode\" id=\"video-25825-1\" width=\"640\" height=\"360\" preload=\"metadata\" controls=\"controls\"><source type=\"video\/mp4\" src=\"\/spots\/hir\/hir_110803_03.mp4?_=1\" \/><a href=\"\/spots\/hir\/hir_110803_03.mp4\">\/spots\/hir\/hir_110803_03.mp4<\/a><\/video><\/div><\/p>\n","protected":false},"excerpt":{"rendered":"<p>\u00daj igazgat\u00f3ja van e h\u00e9tt\u0151l a Megyei Eg\u00e9szs\u00e9gbiztos\u00edt\u00e1si P\u00e9nzt\u00e1rnak. Egyre n\u00e9pszer\u0171bb a korm\u00e1nyablak. M\u0171v\u00e9szeti alkot\u00e1sokkal az \u00fcgyfelek\u00e9rt. Ezekr\u0151l a t\u00e9m\u00e1kr\u00f3l sz\u00e1molt be sajt\u00f3t\u00e1j\u00e9koztat\u00f3j\u00e1n a J\u00e1sz-Nagykun-Szolnok korm\u00e1nymegb\u00edzott. Janu\u00e1rban nyitott\u00e1k meg kapuikat orsz\u00e1gszerte a korm\u00e1nyablakok. A 29 helysz\u00edn egyetlen Szolnok megyei irod\u00e1ja a megyei nyugd\u00edj-biztos\u00edt\u00e1si igazgat\u00f3s\u00e1g f\u00f6ldszintj\u00e9n m\u0171k\u00f6dik. Az elm\u00falt 7 h\u00f3napban t\u00f6bb mint 4 ezer \u00fcgyf\u00e9lt [&hellip;]<\/p>\n","protected":false},"author":2,"featured_media":0,"comment_status":"open","ping_status":"open","sticky":false,"template":"","format":"standard","meta":[],"categories":[21],"tags":[],"_links":{"self":[{"href":"http:\/\/archiv.szolnoktv.hu\/index.php?rest_route=\/wp\/v2\/posts\/25825"}],"collection":[{"href":"http:\/\/archiv.szolnoktv.hu\/index.php?rest_route=\/wp\/v2\/posts"}],"about":[{"href":"http:\/\/archiv.szolnoktv.hu\/index.php?rest_route=\/wp\/v2\/types\/post"}],"author":[{"embeddable":true,"href":"http:\/\/archiv.szolnoktv.hu\/index.php?rest_route=\/wp\/v2\/users\/2"}],"replies":[{"embeddable":true,"href":"http:\/\/archiv.szolnoktv.hu\/index.php?rest_route=%2Fwp%2Fv2%2Fcomments&post=25825"}],"version-history":[{"count":1,"href":"http:\/\/archiv.szolnoktv.hu\/index.php?rest_route=\/wp\/v2\/posts\/25825\/revisions"}],"predecessor-version":[{"id":26024,"href":"http:\/\/archiv.szolnoktv.hu\/index.php?rest_route=\/wp\/v2\/posts\/25825\/revisions\/26024"}],"wp:attachment":[{"href":"http:\/\/archiv.szolnoktv.hu\/index.php?rest_route=%2Fwp%2Fv2%2Fmedia&parent=25825"}],"wp:term":[{"taxonomy":"category","embeddable":true,"href":"http:\/\/archiv.szolnoktv.hu\/index.php?rest_route=%2Fwp%2Fv2%2Fcategories&post=25825"},{"taxonomy":"post_tag","embeddable":true,"href":"http:\/\/archiv.szolnoktv.hu\/index.php?rest_route=%2Fwp%2Fv2%2Ftags&post=25825"}],"curies":[{"name":"wp","href":"https:\/\/api.w.org\/{rel}","templated":true}]}}