{"id":25824,"date":"2011-08-03T14:28:08","date_gmt":"2011-08-03T14:28:08","guid":{"rendered":"http:\/\/archiv.szolnoktv.hu\/?p=25824"},"modified":"2021-10-28T17:31:41","modified_gmt":"2021-10-28T17:31:41","slug":"tiz-eve-az-idosekert","status":"publish","type":"post","link":"http:\/\/archiv.szolnoktv.hu\/?p=25824","title":{"rendered":"T\u00edz \u00e9ve az id\u0151sek\u00e9rt"},"content":{"rendered":"<div class='booster-block booster-read-block'><\/div><p>Sz\u00fclet\u00e9snapi programmal k\u00e9sz\u00fclt a Szolnoki Id\u0151sek Otthonaiban \u00c9l\u0151k\u00e9rt \u00e9s Dolgoz\u00f3k\u00e9rt Alap\u00edtv\u00e1ny. A t\u00edz \u00e9ves jubileumot \u00fcnnepl\u0151 alap\u00edtv\u00e1ny a Ka\u00e1n K\u00e1roly \u00fati id\u0151sek otthon\u00e1ban l\u00e1tta vend\u00e9g\u00fcl a nyugd\u00edjasokat \u00e9s az \u00e1pol\u00f3kat. A 3 bentlak\u00e1sos \u00e9s 8 nappali int\u00e9zm\u00e9ny gondozottjai egy\u00fctt \u00fcnnepeltek.<br \/>\n<br \/> Szabadt\u00e9ri programokkal \u00e9s finom eb\u00e9ddel kedveskedtek a nyugd\u00edjasoknak a Ka\u00e1n K\u00e1roly \u00fati id\u0151sek otthon\u00e1ban a Szolnoki Id\u0151sek Otthonaiban \u00c9l\u0151k\u00e9rt \u00e9s Dolgoz\u00f3k\u00e9rt Alap\u00edtv\u00e1ny megalakul\u00e1s\u00e1nak tizedik \u00e9vfordul\u00f3ja alkalm\u00e1b\u00f3l. A k\u00e9zm\u0171vesek utc\u00e1j\u00e1ban b\u00e1rki megtekinthette a k\u00e9sz alkot\u00e1sokat, vagy azt, hogyan k\u00e9sz\u00fcl el p\u00e9ld\u00e1ul egy kos\u00e1r. A szervez\u0151k igyekeztek \u00e9s igyekeznek min\u00e9l \u00e9rdekesebb\u00e9, v\u00e1ltozatosabb\u00e1 tenni az id\u0151sek otthon\u00e1ban lak\u00f3k \u00e9let\u00e9t. Az elm\u00falt t\u00edz \u00e9vben az alap\u00edtv\u00e1ny azon f\u00e1radozott, hogy az id\u0151sek mindennapjait megk\u00f6nny\u00edtse, szebb\u00e9 tegye. Leg\u00fajabb terv\u00fck, hogy az int\u00e9zm\u00e9ny tizenegy telephely\u00e9n kicser\u00e9lj\u00e9k a ny\u00edl\u00e1sz\u00e1r\u00f3kat.<br \/>\n<div style=\"width: 640px;\" class=\"wp-video\"><!--[if lt IE 9]><script>document.createElement('video');<\/script><![endif]-->\n<video class=\"wp-video-shortcode\" id=\"video-25824-1\" width=\"640\" height=\"360\" preload=\"metadata\" controls=\"controls\"><source type=\"video\/mp4\" src=\"\/spots\/hir\/hir_110803_02.mp4?_=1\" \/><a href=\"\/spots\/hir\/hir_110803_02.mp4\">\/spots\/hir\/hir_110803_02.mp4<\/a><\/video><\/div><\/p>\n","protected":false},"excerpt":{"rendered":"<p>Sz\u00fclet\u00e9snapi programmal k\u00e9sz\u00fclt a Szolnoki Id\u0151sek Otthonaiban \u00c9l\u0151k\u00e9rt \u00e9s Dolgoz\u00f3k\u00e9rt Alap\u00edtv\u00e1ny. A t\u00edz \u00e9ves jubileumot \u00fcnnepl\u0151 alap\u00edtv\u00e1ny a Ka\u00e1n K\u00e1roly \u00fati id\u0151sek otthon\u00e1ban l\u00e1tta vend\u00e9g\u00fcl a nyugd\u00edjasokat \u00e9s az \u00e1pol\u00f3kat. A 3 bentlak\u00e1sos \u00e9s 8 nappali int\u00e9zm\u00e9ny gondozottjai egy\u00fctt \u00fcnnepeltek. Szabadt\u00e9ri programokkal \u00e9s finom eb\u00e9ddel kedveskedtek a nyugd\u00edjasoknak a Ka\u00e1n K\u00e1roly \u00fati id\u0151sek otthon\u00e1ban a [&hellip;]<\/p>\n","protected":false},"author":2,"featured_media":0,"comment_status":"open","ping_status":"open","sticky":false,"template":"","format":"standard","meta":[],"categories":[21],"tags":[],"_links":{"self":[{"href":"http:\/\/archiv.szolnoktv.hu\/index.php?rest_route=\/wp\/v2\/posts\/25824"}],"collection":[{"href":"http:\/\/archiv.szolnoktv.hu\/index.php?rest_route=\/wp\/v2\/posts"}],"about":[{"href":"http:\/\/archiv.szolnoktv.hu\/index.php?rest_route=\/wp\/v2\/types\/post"}],"author":[{"embeddable":true,"href":"http:\/\/archiv.szolnoktv.hu\/index.php?rest_route=\/wp\/v2\/users\/2"}],"replies":[{"embeddable":true,"href":"http:\/\/archiv.szolnoktv.hu\/index.php?rest_route=%2Fwp%2Fv2%2Fcomments&post=25824"}],"version-history":[{"count":1,"href":"http:\/\/archiv.szolnoktv.hu\/index.php?rest_route=\/wp\/v2\/posts\/25824\/revisions"}],"predecessor-version":[{"id":26025,"href":"http:\/\/archiv.szolnoktv.hu\/index.php?rest_route=\/wp\/v2\/posts\/25824\/revisions\/26025"}],"wp:attachment":[{"href":"http:\/\/archiv.szolnoktv.hu\/index.php?rest_route=%2Fwp%2Fv2%2Fmedia&parent=25824"}],"wp:term":[{"taxonomy":"category","embeddable":true,"href":"http:\/\/archiv.szolnoktv.hu\/index.php?rest_route=%2Fwp%2Fv2%2Fcategories&post=25824"},{"taxonomy":"post_tag","embeddable":true,"href":"http:\/\/archiv.szolnoktv.hu\/index.php?rest_route=%2Fwp%2Fv2%2Ftags&post=25824"}],"curies":[{"name":"wp","href":"https:\/\/api.w.org\/{rel}","templated":true}]}}