{"id":25823,"date":"2011-08-03T13:44:24","date_gmt":"2011-08-03T13:44:24","guid":{"rendered":"http:\/\/archiv.szolnoktv.hu\/?p=25823"},"modified":"2021-10-28T17:31:41","modified_gmt":"2021-10-28T17:31:41","slug":"keves-diak-keres-alberletet-a-varosban","status":"publish","type":"post","link":"http:\/\/archiv.szolnoktv.hu\/?p=25823","title":{"rendered":"Kev\u00e9s di\u00e1k keres alb\u00e9rletet a v\u00e1rosban"},"content":{"rendered":"<div class='booster-block booster-read-block'><\/div><p>Minden \u00e9vben augusztus elej\u00e9n indul a di\u00e1kok alb\u00e9rletkeres\u00e9se. A g\u00f3ly\u00e1k nagy r\u00e9sze a fels\u0151oktat\u00e1si ponthat\u00e1rok nyilv\u00e1noss\u00e1gra hoz\u00e1sa ut\u00e1n kezdi el keresni az els\u0151 lak\u00e1st, de a fels\u0151\u00e9vesek is ebben az id\u0151szakban keresnek \u00faj alb\u00e9rletet az \u00faj tan\u00e9vhez. De nem Szolnokon. A megyesz\u00e9khelyen nem a di\u00e1kok keresnek els\u0151sorban kiad\u00f3 lak\u00e1st &#8211; \u0151k ugyanis b\u0151ven elf\u00e9rnek a f\u0151iskola koll\u00e9giumaiban.<br \/>\n<br \/>Szeptemberben rekordl\u00e9tsz\u00e1m\u00fa els\u0151s \u00e9vfolyam kezdi meg a tan\u00e9vet a Szolnoki F\u0151iskol\u00e1n. 758-an nyertek felv\u00e9telt a int\u00e9zm\u00e9nybe, de ez a sz\u00e1m &#8211; a p\u00f3tfelv\u00e9telinek k\u00f6sz\u00f6nhet\u0151en &#8211; m\u00e9g v\u00e9lhet\u0151en n\u0151ni fog. A legt\u00f6bb v\u00e1rosban, ahol egyetemen, f\u0151iskol\u00e1n tanulhatnak a di\u00e1kok m\u00e1r elkezd\u0151d\u00f6tt a roham az alb\u00e9rletek\u00e9rt. Szolnokon viszont m\u00e1s a helyzet. \u201cR\u00e9gebben m\u00e9g jellemz\u0151 volt, hogy v\u00e1s\u00e1roltak is a sz\u00fcl\u0151k. Teh\u00e1t, amikor kider\u00fclt, hogy a gyereket felvett\u00e9k ide, akkor kisebb lak\u00e1sokat v\u00e1s\u00e1roltak, \u0151k teljesen elt\u0171ntek, az alb\u00e9rleti piacon is m\u00e1r nem meghat\u00e1roz\u00f3 szerepl\u0151k.\u201e &#8211; mondta G\u00e1vris Szabolcs ingatlaniroda &#8211; vezet\u0151. A f\u0151iskola koll\u00e9giumai ugyanis elegend\u0151 helyet biztos\u00edtanak a di\u00e1koknak, ami nem mell\u00e9kesen olcs\u00f3bb megold\u00e1s. Az \u00e1rak egy\u00e9bk\u00e9nt nagyj\u00e1b\u00f3l m\u00e1r \u00f6t \u00e9ve egyhelyben \u00e1llnak. Szolnokon nagy a v\u00e1laszt\u00e1k, a lak\u00e1sokat pedig k\u00f6nny\u0171 kiadni. Ebben az ingatlanirod\u00e1ban is csup\u00e1n egy-k\u00e9t \u00fcres alb\u00e9rletet tal\u00e1ltunk. Ami persze nem jelenti azt, hogy ne lenne t\u00f6bb. \u00daton-\u00fatf\u00e9len bele lehet botlani egy-egy hirdet\u00e9sbe, amin az \u00e1ll: alb\u00e9rlet kiad\u00f3. Ilyen esetben ugyanis szinte semmi nem v\u00e9di a lak\u00e1s tulajdonos\u00e1t. Pedig elk\u00e9l a biztons\u00e1g, mostan\u00e1ban ugyanis a hitelek n\u00f6veked\u00e9se v\u00e9gett egyre t\u00f6bben k\u00e9nyszer\u00fclnek alb\u00e9rletbe. Szolnokon teh\u00e1t nem a di\u00e1kok veszik ki az alb\u00e9rletek jelent\u0151s r\u00e9sz\u00e9t, hanem, mint azt G\u00e1vris Szabolcs elmondta: a katon\u00e1k \u00e9s azok az emberek, akik &#8211;  p\u00e9ld\u00e1ul &#8211; a sv\u00e1jci frank \u00e1rfolyam\u00e1val m\u00e1r nem tudj\u00e1k tartani a l\u00e9p\u00e9st, \u00edgy lak\u00e1shitel\u00fcket sem k\u00e9pesek t\u00f6rleszteni.<br \/>\n<div style=\"width: 640px;\" class=\"wp-video\"><!--[if lt IE 9]><script>document.createElement('video');<\/script><![endif]-->\n<video class=\"wp-video-shortcode\" id=\"video-25823-1\" width=\"640\" height=\"360\" preload=\"metadata\" controls=\"controls\"><source type=\"video\/mp4\" src=\"\/spots\/hir\/hir_110803_01.mp4?_=1\" \/><a href=\"\/spots\/hir\/hir_110803_01.mp4\">\/spots\/hir\/hir_110803_01.mp4<\/a><\/video><\/div><\/p>\n","protected":false},"excerpt":{"rendered":"<p>Minden \u00e9vben augusztus elej\u00e9n indul a di\u00e1kok alb\u00e9rletkeres\u00e9se. A g\u00f3ly\u00e1k nagy r\u00e9sze a fels\u0151oktat\u00e1si ponthat\u00e1rok nyilv\u00e1noss\u00e1gra hoz\u00e1sa ut\u00e1n kezdi el keresni az els\u0151 lak\u00e1st, de a fels\u0151\u00e9vesek is ebben az id\u0151szakban keresnek \u00faj alb\u00e9rletet az \u00faj tan\u00e9vhez. De nem Szolnokon. A megyesz\u00e9khelyen nem a di\u00e1kok keresnek els\u0151sorban kiad\u00f3 lak\u00e1st &#8211; \u0151k ugyanis b\u0151ven elf\u00e9rnek a [&hellip;]<\/p>\n","protected":false},"author":2,"featured_media":0,"comment_status":"open","ping_status":"open","sticky":false,"template":"","format":"standard","meta":[],"categories":[21],"tags":[],"_links":{"self":[{"href":"http:\/\/archiv.szolnoktv.hu\/index.php?rest_route=\/wp\/v2\/posts\/25823"}],"collection":[{"href":"http:\/\/archiv.szolnoktv.hu\/index.php?rest_route=\/wp\/v2\/posts"}],"about":[{"href":"http:\/\/archiv.szolnoktv.hu\/index.php?rest_route=\/wp\/v2\/types\/post"}],"author":[{"embeddable":true,"href":"http:\/\/archiv.szolnoktv.hu\/index.php?rest_route=\/wp\/v2\/users\/2"}],"replies":[{"embeddable":true,"href":"http:\/\/archiv.szolnoktv.hu\/index.php?rest_route=%2Fwp%2Fv2%2Fcomments&post=25823"}],"version-history":[{"count":1,"href":"http:\/\/archiv.szolnoktv.hu\/index.php?rest_route=\/wp\/v2\/posts\/25823\/revisions"}],"predecessor-version":[{"id":26026,"href":"http:\/\/archiv.szolnoktv.hu\/index.php?rest_route=\/wp\/v2\/posts\/25823\/revisions\/26026"}],"wp:attachment":[{"href":"http:\/\/archiv.szolnoktv.hu\/index.php?rest_route=%2Fwp%2Fv2%2Fmedia&parent=25823"}],"wp:term":[{"taxonomy":"category","embeddable":true,"href":"http:\/\/archiv.szolnoktv.hu\/index.php?rest_route=%2Fwp%2Fv2%2Fcategories&post=25823"},{"taxonomy":"post_tag","embeddable":true,"href":"http:\/\/archiv.szolnoktv.hu\/index.php?rest_route=%2Fwp%2Fv2%2Ftags&post=25823"}],"curies":[{"name":"wp","href":"https:\/\/api.w.org\/{rel}","templated":true}]}}