{"id":25822,"date":"2011-08-02T17:51:50","date_gmt":"2011-08-02T17:51:50","guid":{"rendered":"http:\/\/archiv.szolnoktv.hu\/?p=25822"},"modified":"2021-10-28T17:31:41","modified_gmt":"2021-10-28T17:31:41","slug":"tanszerkorkep-6","status":"publish","type":"post","link":"http:\/\/archiv.szolnoktv.hu\/?p=25822","title":{"rendered":"Tanszerk\u00f6rk\u00e9p"},"content":{"rendered":"<div class='booster-block booster-read-block'><\/div><p>Roskadoznak a pap\u00edr-\u00edr\u00f3szerboltok az \u00e1rut\u00f3l. A lelem\u00e9nyes v\u00e1s\u00e1rl\u00f3k ki is haszn\u00e1lj\u00e1k az \u00e1rud\u00f6mpinget. J\u00f3l teszik, hiszen napokon bel\u00fcl \u00f3ri\u00e1si roham v\u00e1rhat\u00f3 , augusztusban ugyanis minden gyermeket nevel\u0151 csal\u00e1d az iskolakezd\u00e9sre tesz f\u00e9lre. rn<br \/>\n<br \/> Az iskola \u00e1ltal kiadott list\u00e1b\u00f3l seg\u00edtenek v\u00e1s\u00e1rolni  a legt\u00f6bb \u00fczletben. A pap\u00edr biztos\u00edt\u00e9k arra,hogy csak a legsz\u00fcks\u00e9gesebbeket vegye meg a sz\u00fcl\u0151. Erre is sokan j\u00f3 el\u0151re gy\u0171jtenek. F\u00fczeteket, \u00edr\u00f3szereket, tornafelszerel\u00e9st a tavalyi \u00e1ron tal\u00e1ltunk.50 Ft \u00e9s 290 Ft a sz\u00e9ls\u0151 hat\u00e1r. Az \u00e1rk\u00fcl\u00f6nbs\u00e9g csak r\u00e9szben takar min\u0151s\u00e9gbeli elt\u00e9r\u00e9st, k\u00fcllem\u00e9ben azonban vitathatatlanul tetszet\u0151sebbek a dr\u00e1g\u00e1bb darabok. Ezeket meg is veszik a sz\u00fcl\u0151k.<br \/>\n<div style=\"width: 640px;\" class=\"wp-video\"><!--[if lt IE 9]><script>document.createElement('video');<\/script><![endif]-->\n<video class=\"wp-video-shortcode\" id=\"video-25822-1\" width=\"640\" height=\"360\" preload=\"metadata\" controls=\"controls\"><source type=\"video\/mp4\" src=\"\/spots\/hir\/hir_110802_03.mp4?_=1\" \/><a href=\"\/spots\/hir\/hir_110802_03.mp4\">\/spots\/hir\/hir_110802_03.mp4<\/a><\/video><\/div><\/p>\n","protected":false},"excerpt":{"rendered":"<p>Roskadoznak a pap\u00edr-\u00edr\u00f3szerboltok az \u00e1rut\u00f3l. A lelem\u00e9nyes v\u00e1s\u00e1rl\u00f3k ki is haszn\u00e1lj\u00e1k az \u00e1rud\u00f6mpinget. J\u00f3l teszik, hiszen napokon bel\u00fcl \u00f3ri\u00e1si roham v\u00e1rhat\u00f3 , augusztusban ugyanis minden gyermeket nevel\u0151 csal\u00e1d az iskolakezd\u00e9sre tesz f\u00e9lre. rn Az iskola \u00e1ltal kiadott list\u00e1b\u00f3l seg\u00edtenek v\u00e1s\u00e1rolni a legt\u00f6bb \u00fczletben. A pap\u00edr biztos\u00edt\u00e9k arra,hogy csak a legsz\u00fcks\u00e9gesebbeket vegye meg a sz\u00fcl\u0151. Erre [&hellip;]<\/p>\n","protected":false},"author":2,"featured_media":0,"comment_status":"open","ping_status":"open","sticky":false,"template":"","format":"standard","meta":[],"categories":[21],"tags":[],"_links":{"self":[{"href":"http:\/\/archiv.szolnoktv.hu\/index.php?rest_route=\/wp\/v2\/posts\/25822"}],"collection":[{"href":"http:\/\/archiv.szolnoktv.hu\/index.php?rest_route=\/wp\/v2\/posts"}],"about":[{"href":"http:\/\/archiv.szolnoktv.hu\/index.php?rest_route=\/wp\/v2\/types\/post"}],"author":[{"embeddable":true,"href":"http:\/\/archiv.szolnoktv.hu\/index.php?rest_route=\/wp\/v2\/users\/2"}],"replies":[{"embeddable":true,"href":"http:\/\/archiv.szolnoktv.hu\/index.php?rest_route=%2Fwp%2Fv2%2Fcomments&post=25822"}],"version-history":[{"count":1,"href":"http:\/\/archiv.szolnoktv.hu\/index.php?rest_route=\/wp\/v2\/posts\/25822\/revisions"}],"predecessor-version":[{"id":26027,"href":"http:\/\/archiv.szolnoktv.hu\/index.php?rest_route=\/wp\/v2\/posts\/25822\/revisions\/26027"}],"wp:attachment":[{"href":"http:\/\/archiv.szolnoktv.hu\/index.php?rest_route=%2Fwp%2Fv2%2Fmedia&parent=25822"}],"wp:term":[{"taxonomy":"category","embeddable":true,"href":"http:\/\/archiv.szolnoktv.hu\/index.php?rest_route=%2Fwp%2Fv2%2Fcategories&post=25822"},{"taxonomy":"post_tag","embeddable":true,"href":"http:\/\/archiv.szolnoktv.hu\/index.php?rest_route=%2Fwp%2Fv2%2Ftags&post=25822"}],"curies":[{"name":"wp","href":"https:\/\/api.w.org\/{rel}","templated":true}]}}