{"id":25821,"date":"2011-08-02T16:53:58","date_gmt":"2011-08-02T16:53:58","guid":{"rendered":"http:\/\/archiv.szolnoktv.hu\/?p=25821"},"modified":"2021-10-28T17:31:41","modified_gmt":"2021-10-28T17:31:41","slug":"baleset-helyszinelo-verseny","status":"publish","type":"post","link":"http:\/\/archiv.szolnoktv.hu\/?p=25821","title":{"rendered":"Baleset- helysz\u00ednel\u0151 verseny"},"content":{"rendered":"<div class='booster-block booster-read-block'><\/div><p>Egy ittas kamionsof\u0151rt \u00e1ll\u00edtottak le a rend\u0151r\u00f6k p\u00e1r m\u00e9terre att\u00f3l a helyt\u0151l, ahol nem sokkal el\u0151tte gyalogost g\u00e1zolt egy szem\u00e9lyaut\u00f3. Rend\u0151r\u00f6k z\u00e1rt\u00e1k le d\u00e9lel\u0151tt a CORA \u00e1ruh\u00e1z parkol\u00f3j\u00e1t. A ki\u00e9rkez\u0151 baleseti helysz\u00ednel\u0151k term\u00e9szetesen tudt\u00e1k, hogy a bevet\u00e9s nem \u00e9les, arra azonban \u00e9ppen megfelelt, hogy sz\u00e1mot adjanak tud\u00e1sukr\u00f3l egy orsz\u00e1gos verseny keret\u00e9ben.<br \/>\n<br \/>Sz\u00e9p j\u00f3 napot k\u00edv\u00e1nok, k\u00f6z\u00fati g\u00e9pj\u00e1rm\u0171 ellen\u0151rz\u00e9s. Forgalmi enged\u00e9lyt, vezet\u0151i enged\u00e9lyt, szem\u00e9lyi igazolv\u00e1nyt, illetve j\u00e1rm\u0171 okm\u00e1nyait k\u00e9rn\u00e9m ellen\u0151rz\u00e9sre \u00e1tadni.\u201e Naponta t\u00f6bb tucatszor ism\u00e9tl\u0151dik meg a megye k\u00f6z\u00fatjain az im\u00e9nti jelenet&#8230;.\u00e9lesben. Most azonban imit\u00e1lt helyzetben kellett helyt \u00e1llniuk a rend \u0151reinek. A tavalyi r\u00e9gi\u00f3s megm\u00e9rettet\u00e9s siker\u00e9n felbuzdulva id\u00e9n m\u00e1r orsz\u00e1gos szinten hirdett\u00e9k meg  a baleset- helysz\u00ednel\u0151k verseny\u00e9t. \u201cNem titkolt c\u00e9lunk, hogy a szakmai, a baleseti- helysz\u00ednel\u0151 szakma presztizs\u00e9t kicsit n\u00f6velj\u00fck, hiszen nagyon fontos \u00e9s felel\u0151ss\u00e9gteljes munk\u00e1t v\u00e9geznek a koll\u00e9g\u00e1k nap- mint nap.\u201e mondta el k\u00e9rd\u00e9s\u00fcnkre Kov\u00e1cs \u00c1gnes f\u0151hadnagy, sajt\u00f3sz\u00f3viv\u0151. J\u00e1sz- Nagykun- Szolnok Megye k\u00f6zleked\u00e9si centrumaib\u00f3l k\u00e9t- k\u00e9t f\u0151 vett r\u00e9szt a szitu\u00e1ci\u00f3s feladatokban. A balesetek k\u00f6r\u00fclm\u00e9nyeinek r\u00f6gz\u00edt\u00e9se a laikus sz\u00e1m\u00e1ra megd\u00f6bbent\u0151 r\u00e9szletess\u00e9get \u00e9s felk\u00e9sz\u00fclts\u00e9get felt\u00e9telez. A megy\u00e9ben szolg\u00e1latot teljes\u00edt\u0151 baleset- helysz\u00ednel\u0151k naponta \u00e1tlagosan 10- 13 esetben int\u00e9zkednek, ma kider\u00fclt, hogy mennyire k\u00f6r\u00fcltekint\u0151en. A legjobban teljes\u00edt\u0151 p\u00e1ros \u0151sszel ism\u00e9t megm\u00e9rettetheti mag\u00e1t. Kecskem\u00e9ten rendezik ugyanis meg a d\u00f6nt\u0151be jutott megyei baleset- helysz\u00ednel\u0151k orsz\u00e1gos verseny\u00e9t.<br \/>\n<div style=\"width: 640px;\" class=\"wp-video\"><!--[if lt IE 9]><script>document.createElement('video');<\/script><![endif]-->\n<video class=\"wp-video-shortcode\" id=\"video-25821-1\" width=\"640\" height=\"360\" preload=\"metadata\" controls=\"controls\"><source type=\"video\/mp4\" src=\"\/spots\/hir\/hir_110802_04.mp4?_=1\" \/><a href=\"\/spots\/hir\/hir_110802_04.mp4\">\/spots\/hir\/hir_110802_04.mp4<\/a><\/video><\/div><\/p>\n","protected":false},"excerpt":{"rendered":"<p>Egy ittas kamionsof\u0151rt \u00e1ll\u00edtottak le a rend\u0151r\u00f6k p\u00e1r m\u00e9terre att\u00f3l a helyt\u0151l, ahol nem sokkal el\u0151tte gyalogost g\u00e1zolt egy szem\u00e9lyaut\u00f3. Rend\u0151r\u00f6k z\u00e1rt\u00e1k le d\u00e9lel\u0151tt a CORA \u00e1ruh\u00e1z parkol\u00f3j\u00e1t. A ki\u00e9rkez\u0151 baleseti helysz\u00ednel\u0151k term\u00e9szetesen tudt\u00e1k, hogy a bevet\u00e9s nem \u00e9les, arra azonban \u00e9ppen megfelelt, hogy sz\u00e1mot adjanak tud\u00e1sukr\u00f3l egy orsz\u00e1gos verseny keret\u00e9ben. Sz\u00e9p j\u00f3 napot k\u00edv\u00e1nok, [&hellip;]<\/p>\n","protected":false},"author":2,"featured_media":0,"comment_status":"open","ping_status":"open","sticky":false,"template":"","format":"standard","meta":[],"categories":[21],"tags":[],"_links":{"self":[{"href":"http:\/\/archiv.szolnoktv.hu\/index.php?rest_route=\/wp\/v2\/posts\/25821"}],"collection":[{"href":"http:\/\/archiv.szolnoktv.hu\/index.php?rest_route=\/wp\/v2\/posts"}],"about":[{"href":"http:\/\/archiv.szolnoktv.hu\/index.php?rest_route=\/wp\/v2\/types\/post"}],"author":[{"embeddable":true,"href":"http:\/\/archiv.szolnoktv.hu\/index.php?rest_route=\/wp\/v2\/users\/2"}],"replies":[{"embeddable":true,"href":"http:\/\/archiv.szolnoktv.hu\/index.php?rest_route=%2Fwp%2Fv2%2Fcomments&post=25821"}],"version-history":[{"count":1,"href":"http:\/\/archiv.szolnoktv.hu\/index.php?rest_route=\/wp\/v2\/posts\/25821\/revisions"}],"predecessor-version":[{"id":26028,"href":"http:\/\/archiv.szolnoktv.hu\/index.php?rest_route=\/wp\/v2\/posts\/25821\/revisions\/26028"}],"wp:attachment":[{"href":"http:\/\/archiv.szolnoktv.hu\/index.php?rest_route=%2Fwp%2Fv2%2Fmedia&parent=25821"}],"wp:term":[{"taxonomy":"category","embeddable":true,"href":"http:\/\/archiv.szolnoktv.hu\/index.php?rest_route=%2Fwp%2Fv2%2Fcategories&post=25821"},{"taxonomy":"post_tag","embeddable":true,"href":"http:\/\/archiv.szolnoktv.hu\/index.php?rest_route=%2Fwp%2Fv2%2Ftags&post=25821"}],"curies":[{"name":"wp","href":"https:\/\/api.w.org\/{rel}","templated":true}]}}