{"id":25820,"date":"2011-08-02T16:51:14","date_gmt":"2011-08-02T16:51:14","guid":{"rendered":"http:\/\/archiv.szolnoktv.hu\/?p=25820"},"modified":"2021-10-28T17:31:42","modified_gmt":"2021-10-28T17:31:42","slug":"koszovoi-kibocsajto","status":"publish","type":"post","link":"http:\/\/archiv.szolnoktv.hu\/?p=25820","title":{"rendered":"Koszov\u00f3i kibocs\u00e1jt\u00f3"},"content":{"rendered":"<div class='booster-block booster-read-block'><\/div><p>M\u00e1jus \u00f3ta m\u00e1r egy\u00fctt gyakorlatoznak Szolnokon a Koszov\u00f3ba utaz\u00f3 kontingens tagjai. Az alakulatot ma b\u00facs\u00faztatt\u00e1k a helikopterb\u00e1zison a csal\u00e1dtagok jelenl\u00e9t\u00e9ben.<br \/>\n<br \/>Haz\u00e1nk szerepv\u00e1llal\u00e1sa a d\u00e9lszl\u00e1v egyens\u00faly fenntart\u00e1s\u00e1ban az\u00e9rt is kulcsfontoss\u00e1g\u00fa, mert a csek\u00e9ly f\u00f6ldrajzi t\u00e1vols\u00e1g miatt saj\u00e1t biztons\u00e1gunk is vesz\u00e9lyben foroghat. A Szolnokr\u00f3l indul\u00f3 207- f\u0151s kontingens portug\u00e1l parancsnoks\u00e1g alatt l\u00e1tja majd el szolg\u00e1lat\u00e1t Pristin\u00e1ban. A katon\u00e1k t\u00f6bbs\u00e9ge nem titkolja- els\u0151sorban anyagi okokb\u00f3l v\u00e1llalja a k\u00fcldet\u00e9st. A kih\u00edv\u00e1s a csal\u00e1d minden tagj\u00e1t pr\u00f3b\u00e1ra teszi. F\u0151leg a gyermekek viselik nehezen a sz\u00fcl\u0151 t\u00e1voll\u00e9t\u00e9t. A kiutaz\u00f3 kontingens egyebek mellett fegyverbegy\u0171jt\u00e9ssel, objektumv\u00e9delemmel foglalkozik majd, de sz\u00e1ll\u00edt\u00e1si- valamint logisztikai feladatokat is ell\u00e1t a t\u00e9rs\u00e9gben. A k\u00fcldet\u00e9s 2012 m\u00e1rcius\u00e1ban \u00e9r v\u00e9get.<br \/>\n<div style=\"width: 640px;\" class=\"wp-video\"><!--[if lt IE 9]><script>document.createElement('video');<\/script><![endif]-->\n<video class=\"wp-video-shortcode\" id=\"video-25820-1\" width=\"640\" height=\"360\" preload=\"metadata\" controls=\"controls\"><source type=\"video\/mp4\" src=\"\/spots\/hir\/hir_110802_02.mp4?_=1\" \/><a href=\"\/spots\/hir\/hir_110802_02.mp4\">\/spots\/hir\/hir_110802_02.mp4<\/a><\/video><\/div><\/p>\n","protected":false},"excerpt":{"rendered":"<p>M\u00e1jus \u00f3ta m\u00e1r egy\u00fctt gyakorlatoznak Szolnokon a Koszov\u00f3ba utaz\u00f3 kontingens tagjai. Az alakulatot ma b\u00facs\u00faztatt\u00e1k a helikopterb\u00e1zison a csal\u00e1dtagok jelenl\u00e9t\u00e9ben. Haz\u00e1nk szerepv\u00e1llal\u00e1sa a d\u00e9lszl\u00e1v egyens\u00faly fenntart\u00e1s\u00e1ban az\u00e9rt is kulcsfontoss\u00e1g\u00fa, mert a csek\u00e9ly f\u00f6ldrajzi t\u00e1vols\u00e1g miatt saj\u00e1t biztons\u00e1gunk is vesz\u00e9lyben foroghat. A Szolnokr\u00f3l indul\u00f3 207- f\u0151s kontingens portug\u00e1l parancsnoks\u00e1g alatt l\u00e1tja majd el szolg\u00e1lat\u00e1t Pristin\u00e1ban. A [&hellip;]<\/p>\n","protected":false},"author":2,"featured_media":0,"comment_status":"open","ping_status":"open","sticky":false,"template":"","format":"standard","meta":[],"categories":[21],"tags":[],"_links":{"self":[{"href":"http:\/\/archiv.szolnoktv.hu\/index.php?rest_route=\/wp\/v2\/posts\/25820"}],"collection":[{"href":"http:\/\/archiv.szolnoktv.hu\/index.php?rest_route=\/wp\/v2\/posts"}],"about":[{"href":"http:\/\/archiv.szolnoktv.hu\/index.php?rest_route=\/wp\/v2\/types\/post"}],"author":[{"embeddable":true,"href":"http:\/\/archiv.szolnoktv.hu\/index.php?rest_route=\/wp\/v2\/users\/2"}],"replies":[{"embeddable":true,"href":"http:\/\/archiv.szolnoktv.hu\/index.php?rest_route=%2Fwp%2Fv2%2Fcomments&post=25820"}],"version-history":[{"count":1,"href":"http:\/\/archiv.szolnoktv.hu\/index.php?rest_route=\/wp\/v2\/posts\/25820\/revisions"}],"predecessor-version":[{"id":26029,"href":"http:\/\/archiv.szolnoktv.hu\/index.php?rest_route=\/wp\/v2\/posts\/25820\/revisions\/26029"}],"wp:attachment":[{"href":"http:\/\/archiv.szolnoktv.hu\/index.php?rest_route=%2Fwp%2Fv2%2Fmedia&parent=25820"}],"wp:term":[{"taxonomy":"category","embeddable":true,"href":"http:\/\/archiv.szolnoktv.hu\/index.php?rest_route=%2Fwp%2Fv2%2Fcategories&post=25820"},{"taxonomy":"post_tag","embeddable":true,"href":"http:\/\/archiv.szolnoktv.hu\/index.php?rest_route=%2Fwp%2Fv2%2Ftags&post=25820"}],"curies":[{"name":"wp","href":"https:\/\/api.w.org\/{rel}","templated":true}]}}