{"id":25819,"date":"2011-08-02T15:15:45","date_gmt":"2011-08-02T15:15:45","guid":{"rendered":"http:\/\/archiv.szolnoktv.hu\/?p=25819"},"modified":"2021-10-28T17:31:42","modified_gmt":"2021-10-28T17:31:42","slug":"szolnokon-keszul-az-europa-bajnoki-potselejzetokre-a-magyar-ferfi-kosarlabda-valogatott","status":"publish","type":"post","link":"http:\/\/archiv.szolnoktv.hu\/?p=25819","title":{"rendered":"Szolnokon k\u00e9sz\u00fcl az Eur\u00f3pa-bajnoki p\u00f3tselejzet\u0151kre a magyar f\u00e9rfi kos\u00e1rlabda v\u00e1logatott"},"content":{"rendered":"<div class='booster-block booster-read-block'><\/div><p>A keretnak hat szolnoki j\u00e1t\u00e9kos is tagja, a csapat augusztus kilencedik\u00e9n Portug\u00e1li\u00e1ban v\u00edvja els\u0151 m\u00e9rk\u0151z\u00e9s\u00e9t, majd 12-\u00e9n \u00e9s 18-\u00e1n Szolnokon m\u00e9rk\u0151zik az ib\u00e9riaiakkal majd a finnekkel.<br \/>\n<br \/>Tegnap \u00e9rkezett ma pedig m\u00e1r edzett a 14 tag\u00fa v\u00e1logatott keret Szolnokon. Az Eur\u00f3pa-bajnoki p\u00f3tselejtez\u0151ben Portug\u00e1lia \u00e9s Finnorsz\u00e1g lesz a nemzeti csapat ellenfele. A kett\u0151b\u0151l el\u00e9g egyik\u00fcket megel\u0151zni &#8211; a csoport els\u0151 k\u00e9t helyezettje ugyanis kijut a litv\u00e1niai kontinens torn\u00e1ra. \u201eA magyar v\u00e1logatottnak pontosan annyi es\u00e9lye van az EB d\u00f6nt\u0151be jut\u00e1sra, mint a portug\u00e1loknak \u00e9s a finneknek, sem t\u00f6bb, sem kevesebb. Mi mindent megtesz\u00fcnk \u00e9s a felk\u00e9sz\u00fcl\u00e9si id\u0151szakban is mindent megtett\u00fcnk az\u00e9rt, hogy j\u00f3 form\u00e1ban legy\u00fcnk \u00e9s felk\u00e9sz\u00fclj\u00fcnk.\u201e &#8211; mondta M\u00e9sz\u00e1ros Lajos a magyar v\u00e1logatott sz\u00f6vets\u00e9gi kapit\u00e1nya. T\u00f6bb szakember is \u00e1ll\u00edtja, hogy az ut\u00f3bbi \u00e9vek egyik legjobb v\u00e1logatottja j\u00f6tt \u00f6ssze. Obie Trotter honos\u00edt\u00e1sa v\u00e9gett remek ir\u00e1ny\u00edt\u00f3val, B\u00e1der M\u00e1rton visszat\u00e9r\u00e9s\u00e9vel pedig az egyik, ha nem a legjobb magyar centerrel er\u0151s\u00f6d\u00f6tt a csapat.\u201e\u00d3ri\u00e1si lehet\u0151s\u00e9g el\u0151tt \u00e1llunk, ezt eddig is tudtuk, egyre k\u00f6zelebb vannak a meccsek, \u00e9rezz\u00fck egyre ink\u00e1bb a lehet\u0151s\u00e9g \u00edz\u00e9t. \u00c9n \u00fagy gondolom, hogy az itthoni m\u00e9rk\u0151z\u00e9seken &#8211; itt Szolnokon m\u00e1r otthon \u00e9tzi mag\u00e1t a v\u00e1logatott &#8211; a k\u00f6z\u00f6ns\u00e9g mindig vel\u00fcnk van, t\u00e9nyleg nagyon nagy seg\u00edts\u00e9g, \u00fagyhogy az itthoni m\u00e9rk\u0151z\u00e9seket mindenk\u00e9pp meg kell enyern\u00fcnk.\u201e &#8211; tette hozz\u00e1 B\u00e1der M\u00e1ront.  keretnek egy\u00e9bk\u00e9nt B\u00e1deren \u00e9s Trotteren k\u00edv\u00fcl m\u00e9g n\u00e9gy szolnoki tagja van: Fodor M\u00e1rton, Horv\u00e1th \u00c1kos, So\u00f3s G\u00e1bor \u00e9s Trep\u00e1k Zolt\u00e1n. Itt van Hanga \u00c1d\u00e1m is, aki a ny\u00e1ron igazolt a spanyol Manresa csapat\u00e1ba, de j\u00e1t\u00e9kjog\u00e1t id\u0151k\u00f6zben az NBA-ben szerepl\u0151 San Antoni Spurs is megszerezete. Neki nem lehet k\u00f6nny\u0171 Szolnokon, ugyanis a nagy riv\u00e1lis Albacomp egy\u00fcttes\u00e9t er\u0151s\u00edtette \u00e9vekig, \u00e1m, mint azt elmondta, mindig bar\u00e1ts\u00e1ggal k\u00f6sz\u00f6nt\u00f6tt\u00e9k a Tisza partj\u00e1n. \u201eTavaly, tavaly el\u0151tt sem volt ezzel probl\u00e9ma, nagyon j\u00f3 k\u00f6z\u00f6ns\u00e9g volt, \u00fagyhogy \u00f6r\u00fcl\u00f6k, mindig, hogy itt p\u00e1ly\u00e1ra l\u00e9phetek, a d\u00f6nt\u0151ben is j\u00f3l \u00e9reztem magam, \u00fagyhogy ez ugyan\u00edgy lesz a v\u00e1logatott m\u00e9rk\u0151z\u00e9seken is.\u201e &#8211; mondta Hanga. A csapat vas\u00e1rnap utazik Portug\u00e1li\u00e1ba, 9-\u00e9n pedig lej\u00e1tsza els\u0151 m\u00e9rk\u0151z\u00e9s\u00e9t. Addig maradnak a szolnoki edz\u00e9sek. \u201eSzerintem m\u00e9g pont egy 8-10 napra van sz\u00fcks\u00e9g\u00fcnk, hogy \u00f6ssze \u00e9rjen a kis csapatunk mind v\u00e9dekez\u00e9sben, mind t\u00e1mad\u00e1sban, \u00fagyhogy t\u00e9nyleg pozit\u00edvan \u00e1llok hozz\u00e1.\u201e  v\u00e9lekedik L\u00f3r\u00e1nt P\u00e9ter. A v\u00e1logatott egy\u00e9bk\u00e9nt Szolnokon j\u00e1tssza mind a k\u00e9t hazai m\u00e9rk\u0151z\u00e9s\u00e9t. Az els\u0151t augusztus 12-\u00e9n Finnorsz\u00e1g, a m\u00e1sodikat pedig augusztus 18-\u00e1n Portug\u00e1lia ellen. Ut\u00e1na m\u00e1r cak egy fell\u00e9p\u00e9s van h\u00e1tra augusztus 21-\u00e9n idegenben kell megm\u00e9rk\u0151zni a finnekkel. \u00c9s, ha minden a tervek szerint alakul, augusztus 29-\u00e9n a magyar v\u00e1logatott hat szolnoki j\u00e1t\u00e9kossal a rep\u00fcl\u0151g\u00e9p fed\u00e9lzet\u00e9n elutazik Litv\u00e1ni\u00e1ba az Eur\u00f3pa-bajnoks\u00e1gra.<br \/>\n<div style=\"width: 640px;\" class=\"wp-video\"><!--[if lt IE 9]><script>document.createElement('video');<\/script><![endif]-->\n<video class=\"wp-video-shortcode\" id=\"video-25819-1\" width=\"640\" height=\"360\" preload=\"metadata\" controls=\"controls\"><source type=\"video\/mp4\" src=\"\/spots\/hir\/hir_110802_01.mp4?_=1\" \/><a href=\"\/spots\/hir\/hir_110802_01.mp4\">\/spots\/hir\/hir_110802_01.mp4<\/a><\/video><\/div><\/p>\n","protected":false},"excerpt":{"rendered":"<p>A keretnak hat szolnoki j\u00e1t\u00e9kos is tagja, a csapat augusztus kilencedik\u00e9n Portug\u00e1li\u00e1ban v\u00edvja els\u0151 m\u00e9rk\u0151z\u00e9s\u00e9t, majd 12-\u00e9n \u00e9s 18-\u00e1n Szolnokon m\u00e9rk\u0151zik az ib\u00e9riaiakkal majd a finnekkel. Tegnap \u00e9rkezett ma pedig m\u00e1r edzett a 14 tag\u00fa v\u00e1logatott keret Szolnokon. Az Eur\u00f3pa-bajnoki p\u00f3tselejtez\u0151ben Portug\u00e1lia \u00e9s Finnorsz\u00e1g lesz a nemzeti csapat ellenfele. A kett\u0151b\u0151l el\u00e9g egyik\u00fcket megel\u0151zni &#8211; [&hellip;]<\/p>\n","protected":false},"author":2,"featured_media":0,"comment_status":"open","ping_status":"open","sticky":false,"template":"","format":"standard","meta":[],"categories":[21],"tags":[],"_links":{"self":[{"href":"http:\/\/archiv.szolnoktv.hu\/index.php?rest_route=\/wp\/v2\/posts\/25819"}],"collection":[{"href":"http:\/\/archiv.szolnoktv.hu\/index.php?rest_route=\/wp\/v2\/posts"}],"about":[{"href":"http:\/\/archiv.szolnoktv.hu\/index.php?rest_route=\/wp\/v2\/types\/post"}],"author":[{"embeddable":true,"href":"http:\/\/archiv.szolnoktv.hu\/index.php?rest_route=\/wp\/v2\/users\/2"}],"replies":[{"embeddable":true,"href":"http:\/\/archiv.szolnoktv.hu\/index.php?rest_route=%2Fwp%2Fv2%2Fcomments&post=25819"}],"version-history":[{"count":1,"href":"http:\/\/archiv.szolnoktv.hu\/index.php?rest_route=\/wp\/v2\/posts\/25819\/revisions"}],"predecessor-version":[{"id":26030,"href":"http:\/\/archiv.szolnoktv.hu\/index.php?rest_route=\/wp\/v2\/posts\/25819\/revisions\/26030"}],"wp:attachment":[{"href":"http:\/\/archiv.szolnoktv.hu\/index.php?rest_route=%2Fwp%2Fv2%2Fmedia&parent=25819"}],"wp:term":[{"taxonomy":"category","embeddable":true,"href":"http:\/\/archiv.szolnoktv.hu\/index.php?rest_route=%2Fwp%2Fv2%2Fcategories&post=25819"},{"taxonomy":"post_tag","embeddable":true,"href":"http:\/\/archiv.szolnoktv.hu\/index.php?rest_route=%2Fwp%2Fv2%2Ftags&post=25819"}],"curies":[{"name":"wp","href":"https:\/\/api.w.org\/{rel}","templated":true}]}}