{"id":25818,"date":"2011-08-01T17:52:24","date_gmt":"2011-08-01T17:52:24","guid":{"rendered":"http:\/\/archiv.szolnoktv.hu\/?p=25818"},"modified":"2021-10-28T17:31:42","modified_gmt":"2021-10-28T17:31:42","slug":"1","status":"publish","type":"post","link":"http:\/\/archiv.szolnoktv.hu\/?p=25818","title":{"rendered":"1%"},"content":{"rendered":"<div class='booster-block booster-read-block'><\/div><p>Fogyt\u00e1n a hajland\u00f3s\u00e1g. Sokan dacb\u00f3l nem aj\u00e1nlj\u00e1k f\u00f6l ad\u00f3juk 1%- \u00e1t. A T\u00c1RKI legfrissebb felm\u00e9r\u00e9se r\u00e1mutat arra is, hogy a passzivit\u00e1s m\u00f6g\u00f6tt legt\u00f6bbsz\u00f6r a feled\u00e9kenys\u00e9g \u00e1ll.<br \/>\n<br \/>Annak idej\u00e9n n\u00e9pszer\u0171 volt, ma viszont a felfokozott rekl\u00e1mkamp\u00e1ny ellen\u00e9re sem kelti fel sokakban az \u00e9rdekl\u0151d\u00e9st az ad\u00f3felaj\u00e1nl\u00e1s lehet\u0151s\u00e9ge. A T\u00c1RKI felm\u00e9r\u00e9se szerint azok, akik felaj\u00e1nlhatt\u00e1k volna ad\u00f3juk 1%-\u00e1t, de ezt nem tett\u00e9k, legt\u00f6bben arra hivatkoztak, hogy ez esz\u00fckbe sem jutott , t\u00f6bbiek vagy megr\u00f6gz\u00f6tt ad\u00f3 fel nem aj\u00e1nl\u00f3k , illetve \u00fagy nyilatkoztak: \u201enem \u00e9rdekli \u0151ket az ilyesmi\u201e. Akadnak akik azt mondj\u00e1k idej\u00fck nem volt erre , vagy nem tal\u00e1ltak arra m\u00e9lt\u00f3 szervezetet. Azok, aki felaj\u00e1nlott\u00e1k ad\u00f3juk 1%-\u00e1t, legt\u00f6bben az\u00e9rt (is) tett\u00e9k ezt, mert valamilyen m\u00f3don szem\u00e9lyesen \u00e9rintettek a kedvezm\u00e9nyezett szervezet m\u0171k\u00f6d\u00e9s\u00e9ben. Az APEH jelenleg azt vizsg\u00e1lja, a c\u00edmzett szervezeteknek van- e ad\u00f3tartoz\u00e1suk. A tavasszal felaj\u00e1nlott p\u00e9nzre- mely\u00e9rt egyre intenz\u00edvebb kamp\u00e1nyt kell folytatni \u00e9vr\u0151l- \u00e9vre, \u0151szig kell v\u00e1rniuk az kedvezm\u00e9nyezetteknek.<br \/>\n<div style=\"width: 640px;\" class=\"wp-video\"><!--[if lt IE 9]><script>document.createElement('video');<\/script><![endif]-->\n<video class=\"wp-video-shortcode\" id=\"video-25818-1\" width=\"640\" height=\"360\" preload=\"metadata\" controls=\"controls\"><source type=\"video\/mp4\" src=\"\/spots\/hir\/hir_110801_02.mp4?_=1\" \/><a href=\"\/spots\/hir\/hir_110801_02.mp4\">\/spots\/hir\/hir_110801_02.mp4<\/a><\/video><\/div><\/p>\n","protected":false},"excerpt":{"rendered":"<p>Fogyt\u00e1n a hajland\u00f3s\u00e1g. Sokan dacb\u00f3l nem aj\u00e1nlj\u00e1k f\u00f6l ad\u00f3juk 1%- \u00e1t. A T\u00c1RKI legfrissebb felm\u00e9r\u00e9se r\u00e1mutat arra is, hogy a passzivit\u00e1s m\u00f6g\u00f6tt legt\u00f6bbsz\u00f6r a feled\u00e9kenys\u00e9g \u00e1ll. Annak idej\u00e9n n\u00e9pszer\u0171 volt, ma viszont a felfokozott rekl\u00e1mkamp\u00e1ny ellen\u00e9re sem kelti fel sokakban az \u00e9rdekl\u0151d\u00e9st az ad\u00f3felaj\u00e1nl\u00e1s lehet\u0151s\u00e9ge. A T\u00c1RKI felm\u00e9r\u00e9se szerint azok, akik felaj\u00e1nlhatt\u00e1k volna ad\u00f3juk 1%-\u00e1t, [&hellip;]<\/p>\n","protected":false},"author":2,"featured_media":0,"comment_status":"open","ping_status":"open","sticky":false,"template":"","format":"standard","meta":[],"categories":[21],"tags":[],"_links":{"self":[{"href":"http:\/\/archiv.szolnoktv.hu\/index.php?rest_route=\/wp\/v2\/posts\/25818"}],"collection":[{"href":"http:\/\/archiv.szolnoktv.hu\/index.php?rest_route=\/wp\/v2\/posts"}],"about":[{"href":"http:\/\/archiv.szolnoktv.hu\/index.php?rest_route=\/wp\/v2\/types\/post"}],"author":[{"embeddable":true,"href":"http:\/\/archiv.szolnoktv.hu\/index.php?rest_route=\/wp\/v2\/users\/2"}],"replies":[{"embeddable":true,"href":"http:\/\/archiv.szolnoktv.hu\/index.php?rest_route=%2Fwp%2Fv2%2Fcomments&post=25818"}],"version-history":[{"count":1,"href":"http:\/\/archiv.szolnoktv.hu\/index.php?rest_route=\/wp\/v2\/posts\/25818\/revisions"}],"predecessor-version":[{"id":26031,"href":"http:\/\/archiv.szolnoktv.hu\/index.php?rest_route=\/wp\/v2\/posts\/25818\/revisions\/26031"}],"wp:attachment":[{"href":"http:\/\/archiv.szolnoktv.hu\/index.php?rest_route=%2Fwp%2Fv2%2Fmedia&parent=25818"}],"wp:term":[{"taxonomy":"category","embeddable":true,"href":"http:\/\/archiv.szolnoktv.hu\/index.php?rest_route=%2Fwp%2Fv2%2Fcategories&post=25818"},{"taxonomy":"post_tag","embeddable":true,"href":"http:\/\/archiv.szolnoktv.hu\/index.php?rest_route=%2Fwp%2Fv2%2Ftags&post=25818"}],"curies":[{"name":"wp","href":"https:\/\/api.w.org\/{rel}","templated":true}]}}