{"id":25815,"date":"2011-08-01T16:09:31","date_gmt":"2011-08-01T16:09:31","guid":{"rendered":"http:\/\/archiv.szolnoktv.hu\/?p=25815"},"modified":"2021-10-28T17:31:42","modified_gmt":"2021-10-28T17:31:42","slug":"kullancsbekuldo-szettel-a-kor-ellen","status":"publish","type":"post","link":"http:\/\/archiv.szolnoktv.hu\/?p=25815","title":{"rendered":"Kullancsbek\u00fcld\u0151 szettel a k\u00f3r ellen"},"content":{"rendered":"<div class='booster-block booster-read-block'><\/div><p>A ny\u00e1ri kir\u00e1ndul\u00e1sok sor\u00e1n sokan kullancsriaszt\u00f3kkal v\u00e9dekeznek a v\u00e9rsz\u00edv\u00f3 ellen, akadnak akik a kullancs csipeszt viszik magukkal, \u00e9s ma m\u00e1r arra is van lehet\u0151s\u00e9g, hogy a kiszedett kullancsot bevizsg\u00e1ltassuk, milyen betegs\u00e9get terjeszt.<br \/>\n<br \/> A p\u00f3kszab\u00e1s\u00fa v\u00e9rsz\u00edv\u00f3 \u00e9vr\u0151l \u00e9vre sok gondot okoz. Egy j\u00f3 kir\u00e1ndul\u00e1s az eg\u00e9sz csal\u00e1dnak \u00f6r\u00f6met \u00e9s kikapcsol\u00f3d\u00e1st szerezhet. \u00c9rdemes kullancsriaszt\u00f3kkal v\u00e9dekezni, hogy ne \u00e1rny\u00e9kolja be pihen\u00e9s\u00fcnket az \u00e9l\u0151sk\u00f6d\u0151 terjesztette betegs\u00e9gekt\u0151l val\u00f3 f\u00e9lelem. Haz\u00e1nkban, a v\u00edrusos agyvel\u0151- \u00e9s agyh\u00e1rtyagyullad\u00e1s  valamint  a bakt\u00e9rium okozta Lyme-k\u00f3r fordul el\u0151. V\u00e9d\u0151olt\u00e1s csak az agyvel\u0151gyullad\u00e1s ellen van.A Lyme k\u00f3r korai szakaszban felismerve j\u00f3l kezelhet\u0151, ez\u00e9rt fontos tudni, hogy a kiszedett kullancs terjeszti-e ezt a k\u00f3rt. Erre ma m\u00e1r haz\u00e1nkban is van lehet\u0151s\u00e9g. A bek\u00fcld\u00f6tt v\u00e9rsz\u00edv\u00f3t az Istenhegyi G\u00e9ndiagnosztikai Centrumban vizsg\u00e1lj\u00e1k, egy h\u00e1t alatt kapunk eredm\u00e9nyt. A bek\u00fcld\u0151 szett m\u00e1r Szolnokon is el\u00e9rhet\u0151 egyes patik\u00e1kban.<br \/>\n<div style=\"width: 640px;\" class=\"wp-video\"><!--[if lt IE 9]><script>document.createElement('video');<\/script><![endif]-->\n<video class=\"wp-video-shortcode\" id=\"video-25815-1\" width=\"640\" height=\"360\" preload=\"metadata\" controls=\"controls\"><source type=\"video\/mp4\" src=\"\/spots\/hir\/hir_110801_01.mp4?_=1\" \/><a href=\"\/spots\/hir\/hir_110801_01.mp4\">\/spots\/hir\/hir_110801_01.mp4<\/a><\/video><\/div><\/p>\n","protected":false},"excerpt":{"rendered":"<p>A ny\u00e1ri kir\u00e1ndul\u00e1sok sor\u00e1n sokan kullancsriaszt\u00f3kkal v\u00e9dekeznek a v\u00e9rsz\u00edv\u00f3 ellen, akadnak akik a kullancs csipeszt viszik magukkal, \u00e9s ma m\u00e1r arra is van lehet\u0151s\u00e9g, hogy a kiszedett kullancsot bevizsg\u00e1ltassuk, milyen betegs\u00e9get terjeszt. A p\u00f3kszab\u00e1s\u00fa v\u00e9rsz\u00edv\u00f3 \u00e9vr\u0151l \u00e9vre sok gondot okoz. Egy j\u00f3 kir\u00e1ndul\u00e1s az eg\u00e9sz csal\u00e1dnak \u00f6r\u00f6met \u00e9s kikapcsol\u00f3d\u00e1st szerezhet. \u00c9rdemes kullancsriaszt\u00f3kkal v\u00e9dekezni, hogy ne [&hellip;]<\/p>\n","protected":false},"author":2,"featured_media":0,"comment_status":"open","ping_status":"open","sticky":false,"template":"","format":"standard","meta":[],"categories":[21],"tags":[],"_links":{"self":[{"href":"http:\/\/archiv.szolnoktv.hu\/index.php?rest_route=\/wp\/v2\/posts\/25815"}],"collection":[{"href":"http:\/\/archiv.szolnoktv.hu\/index.php?rest_route=\/wp\/v2\/posts"}],"about":[{"href":"http:\/\/archiv.szolnoktv.hu\/index.php?rest_route=\/wp\/v2\/types\/post"}],"author":[{"embeddable":true,"href":"http:\/\/archiv.szolnoktv.hu\/index.php?rest_route=\/wp\/v2\/users\/2"}],"replies":[{"embeddable":true,"href":"http:\/\/archiv.szolnoktv.hu\/index.php?rest_route=%2Fwp%2Fv2%2Fcomments&post=25815"}],"version-history":[{"count":1,"href":"http:\/\/archiv.szolnoktv.hu\/index.php?rest_route=\/wp\/v2\/posts\/25815\/revisions"}],"predecessor-version":[{"id":26034,"href":"http:\/\/archiv.szolnoktv.hu\/index.php?rest_route=\/wp\/v2\/posts\/25815\/revisions\/26034"}],"wp:attachment":[{"href":"http:\/\/archiv.szolnoktv.hu\/index.php?rest_route=%2Fwp%2Fv2%2Fmedia&parent=25815"}],"wp:term":[{"taxonomy":"category","embeddable":true,"href":"http:\/\/archiv.szolnoktv.hu\/index.php?rest_route=%2Fwp%2Fv2%2Fcategories&post=25815"},{"taxonomy":"post_tag","embeddable":true,"href":"http:\/\/archiv.szolnoktv.hu\/index.php?rest_route=%2Fwp%2Fv2%2Ftags&post=25815"}],"curies":[{"name":"wp","href":"https:\/\/api.w.org\/{rel}","templated":true}]}}