{"id":25385,"date":"2011-05-29T19:40:12","date_gmt":"2011-05-29T19:40:12","guid":{"rendered":"http:\/\/archiv.szolnoktv.hu\/?p=25385"},"modified":"2021-10-26T12:15:06","modified_gmt":"2021-10-26T12:15:06","slug":"veteranok-a-foteren","status":"publish","type":"post","link":"http:\/\/archiv.szolnoktv.hu\/?p=25385","title":{"rendered":"Veter\u00e1nok a f\u0151t\u00e9ren"},"content":{"rendered":"<div class='booster-block booster-read-block'><\/div><p>H\u00e9tv\u00e9g\u00e9n negyedik alkalommal rendezt\u00e9k meg a K\u00f6z\u00e9p-Tisza-Vid\u00e9ki veter\u00e1nj\u00e1rm\u0171 tal\u00e1lkoz\u00f3t. Szombaton t\u00fara volt a program, vas\u00e1rnap d\u00e9lel\u0151tt pedig a lakoss\u00e1g csod\u00e1lhatta meg a aut\u00f3kat, motorokat.<br \/>\n<br \/>Vas\u00e1rnap d\u00e9lel\u0151tt enged\u00e9lyezett s\u0151t k\u00f6telez\u0151 volt a behajt\u00e1s a Kossuth t\u00e9rre &#8211; annak, aki veter\u00e1n j\u00e1rm\u0171vel \u00e9rkezett. A szombati 130 kilom\u00e9teres t\u00fara ut\u00e1n a h\u00e9t utols\u00f3 napj\u00e1n a old timer-ek szerelmesei k\u00f6zvetlen k\u00f6zelb\u0151l tal\u00e1lkozhattak az aut\u00f3 \u00e9s motor matuzs\u00e1lemekkel. Volt 1978-as gy\u00e1rtm\u00e1ny\u00fa 320-as BMW Baur, de ki\u00e1ll\u00edtottak egy igaz\u00e1n felt\u0171n\u0151 Ford Mustangot is, az egykori szovjet luxusaut\u00f3 a Csajka \u00e9s egy nem annyira a luxuskateg\u00f3ri\u00e1t k\u00e9pvisel\u0151, de sok szemet megragad\u00f3 1965-\u00f6s Moszkvics is helyet k\u00e9rt mag\u00e1nak. Tavaly k\u00f6z\u00f6s t\u00fara volt a szombat programja id\u00e9n viszonyt verseny v\u00e1rt az indul\u00f3kra. A tal\u00e1lkoz\u00f3 v\u00e9g\u00e9n d\u00edjazt\u00e1k t\u00f6bbek k\u00f6z\u00f6tt a legid\u0151sebb \u00e9s legszebb aut\u00f3t, a leg\u00fcgyesebb s\u0151t m\u00e9g a legpechesebb versenyz\u0151t is.<br \/>\n<div style=\"width: 640px;\" class=\"wp-video\"><!--[if lt IE 9]><script>document.createElement('video');<\/script><![endif]-->\n<video class=\"wp-video-shortcode\" id=\"video-25385-1\" width=\"640\" height=\"360\" preload=\"metadata\" controls=\"controls\"><source type=\"video\/mp4\" src=\"\/spots\/hir\/hir_110529_03.mp4?_=1\" \/><a href=\"\/spots\/hir\/hir_110529_03.mp4\">\/spots\/hir\/hir_110529_03.mp4<\/a><\/video><\/div><\/p>\n","protected":false},"excerpt":{"rendered":"<p>H\u00e9tv\u00e9g\u00e9n negyedik alkalommal rendezt\u00e9k meg a K\u00f6z\u00e9p-Tisza-Vid\u00e9ki veter\u00e1nj\u00e1rm\u0171 tal\u00e1lkoz\u00f3t. Szombaton t\u00fara volt a program, vas\u00e1rnap d\u00e9lel\u0151tt pedig a lakoss\u00e1g csod\u00e1lhatta meg a aut\u00f3kat, motorokat. Vas\u00e1rnap d\u00e9lel\u0151tt enged\u00e9lyezett s\u0151t k\u00f6telez\u0151 volt a behajt\u00e1s a Kossuth t\u00e9rre &#8211; annak, aki veter\u00e1n j\u00e1rm\u0171vel \u00e9rkezett. A szombati 130 kilom\u00e9teres t\u00fara ut\u00e1n a h\u00e9t utols\u00f3 napj\u00e1n a old timer-ek szerelmesei [&hellip;]<\/p>\n","protected":false},"author":2,"featured_media":0,"comment_status":"open","ping_status":"open","sticky":false,"template":"","format":"standard","meta":[],"categories":[21],"tags":[],"_links":{"self":[{"href":"http:\/\/archiv.szolnoktv.hu\/index.php?rest_route=\/wp\/v2\/posts\/25385"}],"collection":[{"href":"http:\/\/archiv.szolnoktv.hu\/index.php?rest_route=\/wp\/v2\/posts"}],"about":[{"href":"http:\/\/archiv.szolnoktv.hu\/index.php?rest_route=\/wp\/v2\/types\/post"}],"author":[{"embeddable":true,"href":"http:\/\/archiv.szolnoktv.hu\/index.php?rest_route=\/wp\/v2\/users\/2"}],"replies":[{"embeddable":true,"href":"http:\/\/archiv.szolnoktv.hu\/index.php?rest_route=%2Fwp%2Fv2%2Fcomments&post=25385"}],"version-history":[{"count":1,"href":"http:\/\/archiv.szolnoktv.hu\/index.php?rest_route=\/wp\/v2\/posts\/25385\/revisions"}],"predecessor-version":[{"id":25394,"href":"http:\/\/archiv.szolnoktv.hu\/index.php?rest_route=\/wp\/v2\/posts\/25385\/revisions\/25394"}],"wp:attachment":[{"href":"http:\/\/archiv.szolnoktv.hu\/index.php?rest_route=%2Fwp%2Fv2%2Fmedia&parent=25385"}],"wp:term":[{"taxonomy":"category","embeddable":true,"href":"http:\/\/archiv.szolnoktv.hu\/index.php?rest_route=%2Fwp%2Fv2%2Fcategories&post=25385"},{"taxonomy":"post_tag","embeddable":true,"href":"http:\/\/archiv.szolnoktv.hu\/index.php?rest_route=%2Fwp%2Fv2%2Ftags&post=25385"}],"curies":[{"name":"wp","href":"https:\/\/api.w.org\/{rel}","templated":true}]}}