{"id":24325,"date":"2012-12-12T15:32:43","date_gmt":"2012-12-12T15:32:43","guid":{"rendered":"http:\/\/archiv.szolnoktv.hu\/?p=24325"},"modified":"2021-10-08T18:50:21","modified_gmt":"2021-10-08T18:50:21","slug":"a-ho-orom-es-feladat","status":"publish","type":"post","link":"http:\/\/archiv.szolnoktv.hu\/?p=24325","title":{"rendered":"A h\u00f3 \u00f6r\u00f6m \u00e9s feladat"},"content":{"rendered":"<div class='booster-block booster-read-block'><\/div><p>A m\u00e1sodj\u00e1ra leesett h\u00f3 sem okozott fennakad\u00e1sokat a v\u00e1rosban. B\u00e1r a h\u00e9tv\u00e9g\u00e9re v\u00e1rt h\u00f3nak a legt\u00f6bb aut\u00f3s nem \u00f6r\u00fclt, a gyerekek ki\u00e9lvezt\u00e9k a h\u00f3es\u00e9s minden pillanat\u00e1t.<br \/>\nReggeli testnevel\u00e9s gyan\u00e1nt sokan h\u00f3lap\u00e1tol\u00e1ssal kezdt\u00e9k a napot. Az idei t\u00e9l m\u00e1sodik h\u00f3es\u00e9se nem \u00e9rte v\u00e1ratlanul  az utak j\u00e1rhat\u00f3s\u00e1g\u00e1\u00e9rt felel\u0151s szervezeteket. rnVizes burkolat fogadja minden\u00fctt az aut\u00f3sokat. A meteorol\u00f3gusok szerint a megy\u00e9ben el\u00e1ll a havaz\u00e1s, de \u00e9jszaka lefagy\u00e1sokra lehet sz\u00e1m\u00edtani . Cs\u00fct\u00f6rt\u00f6k\u00f6n sz\u00fcks\u00e9g szerint \u00fajra s\u00f3znak.rnA Katasztr\u00f3fav\u00e9delem k\u00e9ri  az aut\u00f3vezet\u0151ket, hogy feltankolt j\u00e1rm\u0171vel, felt\u00f6lt\u00f6tt mobiltelefonokkal induljanak el. Legyen a kocsikban takar\u00f3, esetleg meleg ital! K\u00f6r\u00fcltekint\u0151en vezessenek, mert megv\u00e1ltoztak a k\u00f6zleked\u00e9si viszonyok, \u00e9s m\u00e1r egy  kis figyelmetlens\u00e9g is balesetet okozhat. Az ingatlanok el\u0151tti j\u00e1rdaszakasz s\u00edkos\u00edt\u00e1smentes\u00edt\u00e9se azonban a tulajdonos felel\u0151ss\u00e9ge. A jogszab\u00e1ly szerint reggel 7 \u00f3r\u00e1ig el kell lap\u00e1tolni \u00e9s  le kell s\u00f3zni a lak\u00f3h\u00e1z el\u0151tti j\u00e1rdaszakaszt. Ezt a k\u00f6zter\u00fclet-fel\u00fcgyelet ellen\u0151rzi. A h\u00f3 teh\u00e1t sz\u00e1mos feladatot jelent. Akadnak azonban, akik ki\u00e9lvezik a h\u00e9tv\u00e9g\u00e9re v\u00e1rt munkanapi, r\u00f6vid h\u00f3es\u00e9s minden perc\u00e9t.a gyerekek leszerelt kerek\u0171 g\u00f6rdeszk\u00e1val cs\u00fasznak a dombokon. Az el\u0151rejelz\u00e9sek szerint megy\u00e9nkben cs\u00fct\u00f6rt\u00f6k\u00f6n,p\u00e9nteken-b\u00e1r hideg lesz, nem esik t\u00f6bb h\u00f3. A h\u00e9tv\u00e9gi enyh\u00fcl\u00e9sig azonban ki lehet haszn\u00e1lni a p\u00e1r centis havat.<br \/>\n<div style=\"width: 640px;\" class=\"wp-video\"><!--[if lt IE 9]><script>document.createElement('video');<\/script><![endif]-->\n<video class=\"wp-video-shortcode\" id=\"video-24325-1\" width=\"640\" height=\"360\" preload=\"metadata\" controls=\"controls\"><source type=\"video\/mp4\" src=\"\/spots\/hir\/hir_121212_03.mp4?_=1\" \/><a href=\"\/spots\/hir\/hir_121212_03.mp4\">\/spots\/hir\/hir_121212_03.mp4<\/a><\/video><\/div><\/p>\n","protected":false},"excerpt":{"rendered":"<p>A m\u00e1sodj\u00e1ra leesett h\u00f3 sem okozott fennakad\u00e1sokat a v\u00e1rosban. B\u00e1r a h\u00e9tv\u00e9g\u00e9re v\u00e1rt h\u00f3nak a legt\u00f6bb aut\u00f3s nem \u00f6r\u00fclt, a gyerekek ki\u00e9lvezt\u00e9k a h\u00f3es\u00e9s minden pillanat\u00e1t. Reggeli testnevel\u00e9s gyan\u00e1nt sokan h\u00f3lap\u00e1tol\u00e1ssal kezdt\u00e9k a napot. Az idei t\u00e9l m\u00e1sodik h\u00f3es\u00e9se nem \u00e9rte v\u00e1ratlanul az utak j\u00e1rhat\u00f3s\u00e1g\u00e1\u00e9rt felel\u0151s szervezeteket. rnVizes burkolat fogadja minden\u00fctt az aut\u00f3sokat. A meteorol\u00f3gusok [&hellip;]<\/p>\n","protected":false},"author":2,"featured_media":0,"comment_status":"open","ping_status":"open","sticky":false,"template":"","format":"standard","meta":[],"categories":[20],"tags":[],"_links":{"self":[{"href":"http:\/\/archiv.szolnoktv.hu\/index.php?rest_route=\/wp\/v2\/posts\/24325"}],"collection":[{"href":"http:\/\/archiv.szolnoktv.hu\/index.php?rest_route=\/wp\/v2\/posts"}],"about":[{"href":"http:\/\/archiv.szolnoktv.hu\/index.php?rest_route=\/wp\/v2\/types\/post"}],"author":[{"embeddable":true,"href":"http:\/\/archiv.szolnoktv.hu\/index.php?rest_route=\/wp\/v2\/users\/2"}],"replies":[{"embeddable":true,"href":"http:\/\/archiv.szolnoktv.hu\/index.php?rest_route=%2Fwp%2Fv2%2Fcomments&post=24325"}],"version-history":[{"count":1,"href":"http:\/\/archiv.szolnoktv.hu\/index.php?rest_route=\/wp\/v2\/posts\/24325\/revisions"}],"predecessor-version":[{"id":24390,"href":"http:\/\/archiv.szolnoktv.hu\/index.php?rest_route=\/wp\/v2\/posts\/24325\/revisions\/24390"}],"wp:attachment":[{"href":"http:\/\/archiv.szolnoktv.hu\/index.php?rest_route=%2Fwp%2Fv2%2Fmedia&parent=24325"}],"wp:term":[{"taxonomy":"category","embeddable":true,"href":"http:\/\/archiv.szolnoktv.hu\/index.php?rest_route=%2Fwp%2Fv2%2Fcategories&post=24325"},{"taxonomy":"post_tag","embeddable":true,"href":"http:\/\/archiv.szolnoktv.hu\/index.php?rest_route=%2Fwp%2Fv2%2Ftags&post=24325"}],"curies":[{"name":"wp","href":"https:\/\/api.w.org\/{rel}","templated":true}]}}