{"id":24240,"date":"2012-10-31T16:06:22","date_gmt":"2012-10-31T16:06:22","guid":{"rendered":"http:\/\/archiv.szolnoktv.hu\/?p=24240"},"modified":"2021-10-08T18:52:15","modified_gmt":"2021-10-08T18:52:15","slug":"mindenszentek-hosszu-hetvege-tudnivalok-video","status":"publish","type":"post","link":"http:\/\/archiv.szolnoktv.hu\/?p=24240","title":{"rendered":"Mindenszentek, hossz\u00fa h\u00e9tv\u00e9ge tudnival\u00f3k + video"},"content":{"rendered":"<div class='booster-block booster-read-block'><\/div><p>Meger\u0151s\u00edtett szolg\u00e1lattal a nyugodt \u00fcnnep\u00e9rt. A Szolnoki Polg\u00e1r\u0151r Egyes\u00fclet nyolc f\u0151vel m\u00e1r \u00f6t napja \u0151rj\u00e1ratozik a temet\u0151ben. Seg\u00edtik a k\u00f6zter\u00fclet-fel\u00fcgyelet valamint a rend\u0151rs\u00e9g munk\u00e1j\u00e1t. Cs\u00fct\u00f6rt\u00f6k\u00f6n \u00e9s a hossz\u00fa h\u00e9tv\u00e9g\u00e9n nagy rohamra lehet sz\u00e1m\u00edtani, erre pedig a J\u00e1szkun Vol\u00e1nn\u00e1l is felk\u00e9sz\u00fcltek.<br \/>\nMindenszentek napj\u00e1n \u00e9s a hossz\u00fa h\u00e9tv\u00e9g\u00e9n nagy lesz a forgalom a temet\u0151ben \u00e9s annak k\u00f6rny\u00e9k\u00e9n. A nyugodt \u00fcnnep\u00e9rt a k\u00f6zter\u00fclet-fel\u00fcgyelet a rend\u0151rs\u00e9g illetve a polg\u00e1r\u0151r\u00f6k k\u00f6z\u00f6sen j\u00e1r\u0151r\u00f6znek. &#8222;Majd a t\u00e1sk\u00e1ra tess\u00e9k vigy\u00e1zni, egy percre sem szabad mag\u00e1ra hagyni!&#8221; Figyelmeztetik az egyik s\u00edrt gondoz\u00f3 h\u00f6lgyet. Kir\u00e1ly Bertalann\u00e9 t\u00f6bbsz\u00f6r is kij\u00f6n a temet\u0151be, a tolvajok r\u00e9gebben sok bossz\u00fas\u00e1got okoztak neki, de  &#8211;  mint mondja  &#8211;  mostan\u00e1ban nem jellemz\u0151 a lop\u00e1s. A polg\u00e1r\u0151r\u00f6k m\u00e1r a m\u00falt h\u00e9tv\u00e9ge \u00f3ta meger\u0151s\u00edtett szolg\u00e1lattal j\u00e1r\u0151r\u00f6znek. \u00d5rizze, vigy\u00e1zza \u00e9rt\u00e9keit! &#8211; h\u00edvja fel a figyelmet a rend\u0151rs\u00e9g. Mindezt szem\u00e9lyes is elmondj\u00e1k a temet\u0151be \u00e9rkez\u0151knek, az aut\u00f3k sz\u00e9lv\u00e9d\u0151j\u00e9re pedig nyomtatv\u00e1ny form\u00e1j\u00e1ban tov\u00e1bbi j\u00f3 tan\u00e1csokat t\u0171znek. A temet\u0151 m\u00e1t\u00f3l vas\u00e1rnapig reggel h\u00e9t \u00f3r\u00e1t\u00f3l este nyolc \u00f3r\u00e1ig tart nyitva. Mindenszentek napj\u00e1n tilos aut\u00f3val behajtani, a hossz\u00fa h\u00e9tv\u00e9g\u00e9n azonban a mozg\u00e1skorl\u00e1tozott igazolv\u00e1nnyal rendelkez\u0151ket beengedik. Parkolni a kijel\u00f6lt helyeken, a KRESZ szab\u00e1lyait betartva az \u00fattest k\u00e9t oldal\u00e1n valamint a temet\u0151 k\u00f6rny\u00e9k\u00e9n l\u00e9v\u0151 z\u00f6ldter\u00fcleteken lehet. J\u00f3 h\u00edr a busszal k\u00f6zleked\u0151k sz\u00e1m\u00e1ra, hogy a J\u00e1szkun Vol\u00e1n november elsej\u00e9n \u00e9s m\u00e1sodik\u00e1n a Sz\u00e9chenyi lak\u00f3telepr\u0151l k\u00f6zvetlen temet\u0151i c\u00e9lj\u00e1ratokat ind\u00edt, a menetrend megtal\u00e1lhat\u00f3 a v\u00e1llalt weboldal\u00e1n.<br \/>\n<div style=\"width: 640px;\" class=\"wp-video\"><!--[if lt IE 9]><script>document.createElement('video');<\/script><![endif]-->\n<video class=\"wp-video-shortcode\" id=\"video-24240-1\" width=\"640\" height=\"360\" preload=\"metadata\" controls=\"controls\"><source type=\"video\/mp4\" src=\"\/spots\/hir\/hir_121031_02.mp4?_=1\" \/><a href=\"\/spots\/hir\/hir_121031_02.mp4\">\/spots\/hir\/hir_121031_02.mp4<\/a><\/video><\/div><\/p>\n","protected":false},"excerpt":{"rendered":"<p>Meger\u0151s\u00edtett szolg\u00e1lattal a nyugodt \u00fcnnep\u00e9rt. A Szolnoki Polg\u00e1r\u0151r Egyes\u00fclet nyolc f\u0151vel m\u00e1r \u00f6t napja \u0151rj\u00e1ratozik a temet\u0151ben. Seg\u00edtik a k\u00f6zter\u00fclet-fel\u00fcgyelet valamint a rend\u0151rs\u00e9g munk\u00e1j\u00e1t. Cs\u00fct\u00f6rt\u00f6k\u00f6n \u00e9s a hossz\u00fa h\u00e9tv\u00e9g\u00e9n nagy rohamra lehet sz\u00e1m\u00edtani, erre pedig a J\u00e1szkun Vol\u00e1nn\u00e1l is felk\u00e9sz\u00fcltek. Mindenszentek napj\u00e1n \u00e9s a hossz\u00fa h\u00e9tv\u00e9g\u00e9n nagy lesz a forgalom a temet\u0151ben \u00e9s annak k\u00f6rny\u00e9k\u00e9n. [&hellip;]<\/p>\n","protected":false},"author":2,"featured_media":0,"comment_status":"open","ping_status":"open","sticky":false,"template":"","format":"standard","meta":[],"categories":[20],"tags":[],"_links":{"self":[{"href":"http:\/\/archiv.szolnoktv.hu\/index.php?rest_route=\/wp\/v2\/posts\/24240"}],"collection":[{"href":"http:\/\/archiv.szolnoktv.hu\/index.php?rest_route=\/wp\/v2\/posts"}],"about":[{"href":"http:\/\/archiv.szolnoktv.hu\/index.php?rest_route=\/wp\/v2\/types\/post"}],"author":[{"embeddable":true,"href":"http:\/\/archiv.szolnoktv.hu\/index.php?rest_route=\/wp\/v2\/users\/2"}],"replies":[{"embeddable":true,"href":"http:\/\/archiv.szolnoktv.hu\/index.php?rest_route=%2Fwp%2Fv2%2Fcomments&post=24240"}],"version-history":[{"count":1,"href":"http:\/\/archiv.szolnoktv.hu\/index.php?rest_route=\/wp\/v2\/posts\/24240\/revisions"}],"predecessor-version":[{"id":24475,"href":"http:\/\/archiv.szolnoktv.hu\/index.php?rest_route=\/wp\/v2\/posts\/24240\/revisions\/24475"}],"wp:attachment":[{"href":"http:\/\/archiv.szolnoktv.hu\/index.php?rest_route=%2Fwp%2Fv2%2Fmedia&parent=24240"}],"wp:term":[{"taxonomy":"category","embeddable":true,"href":"http:\/\/archiv.szolnoktv.hu\/index.php?rest_route=%2Fwp%2Fv2%2Fcategories&post=24240"},{"taxonomy":"post_tag","embeddable":true,"href":"http:\/\/archiv.szolnoktv.hu\/index.php?rest_route=%2Fwp%2Fv2%2Ftags&post=24240"}],"curies":[{"name":"wp","href":"https:\/\/api.w.org\/{rel}","templated":true}]}}