{"id":23483,"date":"2012-05-22T17:43:09","date_gmt":"2012-05-22T17:43:09","guid":{"rendered":"http:\/\/archiv.szolnoktv.hu\/?p=23483"},"modified":"2021-10-08T08:10:12","modified_gmt":"2021-10-08T08:10:12","slug":"itt-a-kullancsszezon","status":"publish","type":"post","link":"http:\/\/archiv.szolnoktv.hu\/?p=23483","title":{"rendered":"Itt a kullancsszezon"},"content":{"rendered":"<div class='booster-block booster-read-block'><\/div><p>Elkezd\u0151d\u00f6tt a kulcsszezon . B\u00e1r megy\u00e9nk az enyh\u00e9n fert\u0151z\u00f6tt ter\u00fcletek k\u00f6z\u00e9 tartozik, v\u00e9dekezni musz\u00e1j. Hasznos lehet az olt\u00e1s \u00e9s a riaszt\u00f3 spray is. Ha m\u00e1r benn\u00fcnk van a kullancs, azt s\u00fcrg\u0151sen el kell t\u00e1vol\u00edtani.<br \/>\nM\u00e1jusban rajzanak a kullancsok, a meleg p\u00e1r\u00e1s es\u0151s id\u0151 k\u00fcl\u00f6n\u00f6sen kedvez szaporod\u00e1suknak. A Bakonnyal \u00e9s a Zempl\u00e9nnel ellent\u00e9tben Szolnok megye az enyh\u00e9n fert\u0151z\u00f6tt ter\u00fcletek k\u00f6z\u00e9 tartozik. Ezzel egy\u00fctt ak\u00e1r a v\u00e1rosi parkokban, s\u0151t saj\u00e1t kert\u00fcnkben is tal\u00e1lkozhatunk az \u00e9l\u0151sk\u00f6d\u0151vel. M\u00e1r a legkisebbeknek is vannak tapasztalataik.  Ez\u00e9rt elengedhetetlen a napi kullancsvizit. Az \u00e9l\u0151sk\u00f6d\u0151t pedig min\u00e9l gyorsabban el kell t\u00e1vol\u00edtani.Erre legalkalmasabbak a gy\u00f3gyszert\u00e1ri csipeszek.  A kullancsnak egy\u00e9bk\u00e9nt t\u00f6bb \u00f3r\u00e1ra van sz\u00fcks\u00e9ge, hogy az el\u0151bel\u00e9b\u0151l szervezet\u00fcnkbe juttassa a fert\u0151z\u0151 v\u00e1lad\u00e9kot, ez\u00e9rt ha est\u00e9nk\u00e9nt \u00e1tvizsg\u00e1ljuk a testet megel\u0151zhetj\u00fck a fert\u0151z\u00e9seket. Akik t\u00f6bbet tart\u00f3zkodnak a szabadban sz\u00e1mukra az olt\u00e1s jelent megel\u0151z\u00e9st. \u00c9rdemes hossz\u00fa zokniban \u00e9s nadr\u00e1gban, z\u00e1rt cip\u0151ben  kir\u00e1ndulni. Kullancsriaszt\u00f3 sprayt haszn\u00e1lni, vagy id\u0151ben beadatni a v\u00e9d\u0151olt\u00e1s sorozatot.<br \/>\n<div style=\"width: 640px;\" class=\"wp-video\"><!--[if lt IE 9]><script>document.createElement('video');<\/script><![endif]-->\n<video class=\"wp-video-shortcode\" id=\"video-23483-1\" width=\"640\" height=\"360\" preload=\"metadata\" controls=\"controls\"><source type=\"video\/mp4\" src=\"\/spots\/hir\/hir_120522_02.mp4?_=1\" \/><a href=\"\/spots\/hir\/hir_120522_02.mp4\">\/spots\/hir\/hir_120522_02.mp4<\/a><\/video><\/div><\/p>\n","protected":false},"excerpt":{"rendered":"<p>Elkezd\u0151d\u00f6tt a kulcsszezon . B\u00e1r megy\u00e9nk az enyh\u00e9n fert\u0151z\u00f6tt ter\u00fcletek k\u00f6z\u00e9 tartozik, v\u00e9dekezni musz\u00e1j. Hasznos lehet az olt\u00e1s \u00e9s a riaszt\u00f3 spray is. Ha m\u00e1r benn\u00fcnk van a kullancs, azt s\u00fcrg\u0151sen el kell t\u00e1vol\u00edtani. M\u00e1jusban rajzanak a kullancsok, a meleg p\u00e1r\u00e1s es\u0151s id\u0151 k\u00fcl\u00f6n\u00f6sen kedvez szaporod\u00e1suknak. A Bakonnyal \u00e9s a Zempl\u00e9nnel ellent\u00e9tben Szolnok megye az [&hellip;]<\/p>\n","protected":false},"author":2,"featured_media":0,"comment_status":"open","ping_status":"open","sticky":false,"template":"","format":"standard","meta":[],"categories":[20],"tags":[],"_links":{"self":[{"href":"http:\/\/archiv.szolnoktv.hu\/index.php?rest_route=\/wp\/v2\/posts\/23483"}],"collection":[{"href":"http:\/\/archiv.szolnoktv.hu\/index.php?rest_route=\/wp\/v2\/posts"}],"about":[{"href":"http:\/\/archiv.szolnoktv.hu\/index.php?rest_route=\/wp\/v2\/types\/post"}],"author":[{"embeddable":true,"href":"http:\/\/archiv.szolnoktv.hu\/index.php?rest_route=\/wp\/v2\/users\/2"}],"replies":[{"embeddable":true,"href":"http:\/\/archiv.szolnoktv.hu\/index.php?rest_route=%2Fwp%2Fv2%2Fcomments&post=23483"}],"version-history":[{"count":1,"href":"http:\/\/archiv.szolnoktv.hu\/index.php?rest_route=\/wp\/v2\/posts\/23483\/revisions"}],"predecessor-version":[{"id":23528,"href":"http:\/\/archiv.szolnoktv.hu\/index.php?rest_route=\/wp\/v2\/posts\/23483\/revisions\/23528"}],"wp:attachment":[{"href":"http:\/\/archiv.szolnoktv.hu\/index.php?rest_route=%2Fwp%2Fv2%2Fmedia&parent=23483"}],"wp:term":[{"taxonomy":"category","embeddable":true,"href":"http:\/\/archiv.szolnoktv.hu\/index.php?rest_route=%2Fwp%2Fv2%2Fcategories&post=23483"},{"taxonomy":"post_tag","embeddable":true,"href":"http:\/\/archiv.szolnoktv.hu\/index.php?rest_route=%2Fwp%2Fv2%2Ftags&post=23483"}],"curies":[{"name":"wp","href":"https:\/\/api.w.org\/{rel}","templated":true}]}}