{"id":23468,"date":"2012-05-14T15:41:10","date_gmt":"2012-05-14T15:41:10","guid":{"rendered":"http:\/\/archiv.szolnoktv.hu\/?p=23468"},"modified":"2021-10-08T08:10:19","modified_gmt":"2021-10-08T08:10:19","slug":"gabonaszenteles","status":"publish","type":"post","link":"http:\/\/archiv.szolnoktv.hu\/?p=23468","title":{"rendered":"Gabonaszentel\u00e9s"},"content":{"rendered":"<div class='booster-block booster-read-block'><\/div><p>Imm\u00e1r hatodik alkalommal gy\u0171ltek \u00f6ssze gabonaszentel\u00e9sre a teny\u0151szigeti Tugyi-Tany\u00e1n a Bereczki M\u00e1t\u00e9 Gazdak\u00f6r tagjai. A katolikus egyh\u00e1zban t\u00f6bb mint 1000 \u00e9ves szok\u00e1s a b\u00faza- \u00e9s gabonaf\u00f6ldek meg\u00e1ld\u00e1sa, a vet\u00e9s megszentel\u00e9se.<br \/>\nA vet\u00e9s meg\u00e1ld\u00e1s\u00e1nak szertart\u00e1sa \u00e9s a hozz\u00e1 kapcsol\u00f3d\u00f3 k\u00f6rmenet pog\u00e1ny eredet\u0171 szok\u00e1s. A hagyom\u00e1ny szerint a IV. sz\u00e1zad k\u00f6zep\u00e9n Liberius p\u00e1pa rendelte el a pog\u00e1ny ambarvalia \u00fcnnep helyettes\u00edt\u00e9s\u00e9re. A b\u00fazaszentel\u00e9s Magyarorsz\u00e1gon a k\u00f6z\u00e9pkorban terjedt el. A k\u00f6rmenet a templomt\u00f3l indult a mez\u0151kre. A szertart\u00e1s hely\u00e9re \u00e9rve a hat\u00e1rban a pap meg\u00e1ldotta a mez\u0151ket, majd a k\u00f6rmenet visszat\u00e9rt a templomba. B\u00e1r a szertart\u00e1s neve b\u00fazaszentel\u0151, a vet\u00e9s minden fajt\u00e1j\u00e1t, a f\u00e1kat \u00e9s sz\u0151l\u0151ket is meg szokt\u00e1k \u00e1ldani ilyenkor a j\u00f3 term\u00e9s\u00e9rt \u00e9s a term\u00e9szeti csap\u00e1sok elh\u00e1r\u00edt\u00e1s\u00e1\u00e9rt. Mint \u00e1ltal\u00e1ban a k\u00f6rmenetek, a b\u00fazaszentel\u00e9s is visszaszorult a kommunista hatalom\u00e1tv\u00e9tel ut\u00e1n a templom falai k\u00f6z\u00e9. Napjainkban azonban egyre t\u00f6bb helyen eleven\u00edtik fel ism\u00e9t a f\u00f6ldeken a szertart\u00e1st: Tugyi Istv\u00e1n szolnok-teny\u0151szigeti tany\u00e1j\u00e1n 2006 \u00f3ta \u00e9vr\u0151l \u00e9vre \u00f6sszegy\u0171lnek Bereczki M\u00e1t\u00e9 Gazdak\u00f6r tagjai b\u00fazaszentel\u00e9sre.<br \/>\n<div style=\"width: 640px;\" class=\"wp-video\"><!--[if lt IE 9]><script>document.createElement('video');<\/script><![endif]-->\n<video class=\"wp-video-shortcode\" id=\"video-23468-1\" width=\"640\" height=\"360\" preload=\"metadata\" controls=\"controls\"><source type=\"video\/mp4\" src=\"\/spots\/hir\/hir_120514_01.mp4?_=1\" \/><a href=\"\/spots\/hir\/hir_120514_01.mp4\">\/spots\/hir\/hir_120514_01.mp4<\/a><\/video><\/div><\/p>\n","protected":false},"excerpt":{"rendered":"<p>Imm\u00e1r hatodik alkalommal gy\u0171ltek \u00f6ssze gabonaszentel\u00e9sre a teny\u0151szigeti Tugyi-Tany\u00e1n a Bereczki M\u00e1t\u00e9 Gazdak\u00f6r tagjai. A katolikus egyh\u00e1zban t\u00f6bb mint 1000 \u00e9ves szok\u00e1s a b\u00faza- \u00e9s gabonaf\u00f6ldek meg\u00e1ld\u00e1sa, a vet\u00e9s megszentel\u00e9se. A vet\u00e9s meg\u00e1ld\u00e1s\u00e1nak szertart\u00e1sa \u00e9s a hozz\u00e1 kapcsol\u00f3d\u00f3 k\u00f6rmenet pog\u00e1ny eredet\u0171 szok\u00e1s. A hagyom\u00e1ny szerint a IV. sz\u00e1zad k\u00f6zep\u00e9n Liberius p\u00e1pa rendelte el a pog\u00e1ny [&hellip;]<\/p>\n","protected":false},"author":2,"featured_media":0,"comment_status":"open","ping_status":"open","sticky":false,"template":"","format":"standard","meta":[],"categories":[20],"tags":[],"_links":{"self":[{"href":"http:\/\/archiv.szolnoktv.hu\/index.php?rest_route=\/wp\/v2\/posts\/23468"}],"collection":[{"href":"http:\/\/archiv.szolnoktv.hu\/index.php?rest_route=\/wp\/v2\/posts"}],"about":[{"href":"http:\/\/archiv.szolnoktv.hu\/index.php?rest_route=\/wp\/v2\/types\/post"}],"author":[{"embeddable":true,"href":"http:\/\/archiv.szolnoktv.hu\/index.php?rest_route=\/wp\/v2\/users\/2"}],"replies":[{"embeddable":true,"href":"http:\/\/archiv.szolnoktv.hu\/index.php?rest_route=%2Fwp%2Fv2%2Fcomments&post=23468"}],"version-history":[{"count":1,"href":"http:\/\/archiv.szolnoktv.hu\/index.php?rest_route=\/wp\/v2\/posts\/23468\/revisions"}],"predecessor-version":[{"id":23543,"href":"http:\/\/archiv.szolnoktv.hu\/index.php?rest_route=\/wp\/v2\/posts\/23468\/revisions\/23543"}],"wp:attachment":[{"href":"http:\/\/archiv.szolnoktv.hu\/index.php?rest_route=%2Fwp%2Fv2%2Fmedia&parent=23468"}],"wp:term":[{"taxonomy":"category","embeddable":true,"href":"http:\/\/archiv.szolnoktv.hu\/index.php?rest_route=%2Fwp%2Fv2%2Fcategories&post=23468"},{"taxonomy":"post_tag","embeddable":true,"href":"http:\/\/archiv.szolnoktv.hu\/index.php?rest_route=%2Fwp%2Fv2%2Ftags&post=23468"}],"curies":[{"name":"wp","href":"https:\/\/api.w.org\/{rel}","templated":true}]}}