{"id":23467,"date":"2012-05-14T15:39:30","date_gmt":"2012-05-14T15:39:30","guid":{"rendered":"http:\/\/archiv.szolnoktv.hu\/?p=23467"},"modified":"2021-10-08T08:10:20","modified_gmt":"2021-10-08T08:10:20","slug":"velocipeddel-a-tisza-menten","status":"publish","type":"post","link":"http:\/\/archiv.szolnoktv.hu\/?p=23467","title":{"rendered":"Velocip\u00e9ddel a Tisza ment\u00e9n"},"content":{"rendered":"<div class='booster-block booster-read-block'><\/div><p>H\u00eddv\u00e9gi-\u00dcst\u00f6s P\u00e1lnak ism\u00e9t csod\u00e1j\u00e1ra j\u00e1rnak k\u00f6rny\u00e9ken lak\u00f3k. Egy velocip\u00e9ddel ker\u00e9kp\u00e1rozza v\u00e9gig a Tisza-menti telep\u00fcl\u00e9seket, hogy a Tiszav\u00f6lgy Kalandt\u00far\u00e1ra h\u00edvja fel az emberek figyelm\u00e9t.<br \/>\nKer\u00e9kp\u00e1rosok fogadt\u00e1k szombaton d\u00e9lut\u00e1n Szolnok hat\u00e1r\u00e1ban H\u00eddv\u00e9gi-\u00dcst\u00f6s P\u00e1lt, aki n\u00e9pviseletben, egy 1860-ban k\u00e9sz\u00fclt velocip\u00e9d m\u00e1solat\u00e1nak nyerg\u00e9ben \u00e9rkezett v\u00e1rosunkba. T\u00f6bb sz\u00e1zan felsz\u00e1lltak r\u00e1 \u00fatk\u00f6zben, de nagyon neh\u00e9z megtanulni a technik\u00e1j\u00e1t. A Tisza nagyk\u00f6vete ezzel a k\u00fcl\u00f6nleges, tradicion\u00e1lis ker\u00e9kp\u00e1rral az ut\u00f3bbi napokban t\u00f6bb sz\u00e1z kilom\u00e9tert tett meg egy nemes c\u00e9l\u00e9rt. \u00c1prilis 27-\u00e9n indult Poroszl\u00f3r\u00f3l, a Tisza-Tavi \u00d6kocentrum megnyit\u00f3 \u00fcnneps\u00e9g\u00e9r\u0151l \u00e9s az\u00f3ta j\u00e1rja a foly\u00f3menti telep\u00fcl\u00e9seket, hogy az embereket megh\u00edvja a Tiszav\u00f6lgy-Kalandt\u00far\u00e1ra, amely a Tisza-vid\u00e9k \u00e9rt\u00e9keit mutatja meg a r\u00e9sztvev\u0151knek. H\u00eddv\u00e9gi-\u00dcst\u00f6s P\u00e1l szolnoki l\u00e1togat\u00e1sa sor\u00e1n a Szent Tam\u00e1s G\u00f6r\u00f6g Katolikus \u00c1ltal\u00e1nos Iskol\u00e1ban tal\u00e1lkozott a Curie K\u00e9mia Eml\u00e9kverseny r\u00e9sztvev\u0151ivel, majd egy r\u00f6vid v\u00e1rosn\u00e9z\u00e9s ut\u00e1n folytatta \u00fatj\u00e1t. A Tisza nagyk\u00f6vete 1200 kilom\u00e9ter v\u00e9gigteker\u00e9se ut\u00e1n h\u00e9tf\u0151n, a Tisza-t\u00f3 V\u00edzszintavat\u00f3 napj\u00e1n \u00e9rkezett vissza Poroszl\u00f3ra.<br \/>\n<div style=\"width: 640px;\" class=\"wp-video\"><!--[if lt IE 9]><script>document.createElement('video');<\/script><![endif]-->\n<video class=\"wp-video-shortcode\" id=\"video-23467-1\" width=\"640\" height=\"360\" preload=\"metadata\" controls=\"controls\"><source type=\"video\/mp4\" src=\"\/spots\/hir\/hir_120514_02.mp4?_=1\" \/><a href=\"\/spots\/hir\/hir_120514_02.mp4\">\/spots\/hir\/hir_120514_02.mp4<\/a><\/video><\/div><\/p>\n","protected":false},"excerpt":{"rendered":"<p>H\u00eddv\u00e9gi-\u00dcst\u00f6s P\u00e1lnak ism\u00e9t csod\u00e1j\u00e1ra j\u00e1rnak k\u00f6rny\u00e9ken lak\u00f3k. Egy velocip\u00e9ddel ker\u00e9kp\u00e1rozza v\u00e9gig a Tisza-menti telep\u00fcl\u00e9seket, hogy a Tiszav\u00f6lgy Kalandt\u00far\u00e1ra h\u00edvja fel az emberek figyelm\u00e9t. Ker\u00e9kp\u00e1rosok fogadt\u00e1k szombaton d\u00e9lut\u00e1n Szolnok hat\u00e1r\u00e1ban H\u00eddv\u00e9gi-\u00dcst\u00f6s P\u00e1lt, aki n\u00e9pviseletben, egy 1860-ban k\u00e9sz\u00fclt velocip\u00e9d m\u00e1solat\u00e1nak nyerg\u00e9ben \u00e9rkezett v\u00e1rosunkba. T\u00f6bb sz\u00e1zan felsz\u00e1lltak r\u00e1 \u00fatk\u00f6zben, de nagyon neh\u00e9z megtanulni a technik\u00e1j\u00e1t. A Tisza nagyk\u00f6vete [&hellip;]<\/p>\n","protected":false},"author":2,"featured_media":0,"comment_status":"open","ping_status":"open","sticky":false,"template":"","format":"standard","meta":[],"categories":[20],"tags":[],"_links":{"self":[{"href":"http:\/\/archiv.szolnoktv.hu\/index.php?rest_route=\/wp\/v2\/posts\/23467"}],"collection":[{"href":"http:\/\/archiv.szolnoktv.hu\/index.php?rest_route=\/wp\/v2\/posts"}],"about":[{"href":"http:\/\/archiv.szolnoktv.hu\/index.php?rest_route=\/wp\/v2\/types\/post"}],"author":[{"embeddable":true,"href":"http:\/\/archiv.szolnoktv.hu\/index.php?rest_route=\/wp\/v2\/users\/2"}],"replies":[{"embeddable":true,"href":"http:\/\/archiv.szolnoktv.hu\/index.php?rest_route=%2Fwp%2Fv2%2Fcomments&post=23467"}],"version-history":[{"count":1,"href":"http:\/\/archiv.szolnoktv.hu\/index.php?rest_route=\/wp\/v2\/posts\/23467\/revisions"}],"predecessor-version":[{"id":23544,"href":"http:\/\/archiv.szolnoktv.hu\/index.php?rest_route=\/wp\/v2\/posts\/23467\/revisions\/23544"}],"wp:attachment":[{"href":"http:\/\/archiv.szolnoktv.hu\/index.php?rest_route=%2Fwp%2Fv2%2Fmedia&parent=23467"}],"wp:term":[{"taxonomy":"category","embeddable":true,"href":"http:\/\/archiv.szolnoktv.hu\/index.php?rest_route=%2Fwp%2Fv2%2Fcategories&post=23467"},{"taxonomy":"post_tag","embeddable":true,"href":"http:\/\/archiv.szolnoktv.hu\/index.php?rest_route=%2Fwp%2Fv2%2Ftags&post=23467"}],"curies":[{"name":"wp","href":"https:\/\/api.w.org\/{rel}","templated":true}]}}