{"id":23466,"date":"2012-05-11T17:47:09","date_gmt":"2012-05-11T17:47:09","guid":{"rendered":"http:\/\/archiv.szolnoktv.hu\/?p=23466"},"modified":"2021-10-08T08:10:20","modified_gmt":"2021-10-08T08:10:20","slug":"dontoben-az-olaj-2","status":"publish","type":"post","link":"http:\/\/archiv.szolnoktv.hu\/?p=23466","title":{"rendered":"D\u00f6nt\u0151ben az Olaj!"},"content":{"rendered":"<div class='booster-block booster-read-block'><\/div><p>S\u00f6pr\u00e9ssel d\u00f6nt\u0151ben a c\u00edmv\u00e9d\u0151. A Szolnoki Olaj kos\u00e1rlabda csapata tegnap este kilenc ponttal gy\u0151z\u00f6tt az Albacomp otthon\u00e1ban, ezzel 3-0-ra megnyerte a p\u00e1rharcot \u00e9s bejutott a fin\u00e1l\u00e9ba.<br \/>\nHasonl\u00f3an az els\u0151 feh\u00e9rv\u00e1ri tal\u00e1lkoz\u00f3hoz a hazaik kezdek jobban, olyannyira, hogy a Szolnok se a t\u00e1mad\u00f3, se a v\u00e9dekez\u0151j\u00e1t\u00e9kuk ellenszer\u00e9t nem tal\u00e1lta. Az \u00f6t\u00f6dik percben m\u00e1ris 10 pont volt a piros-feket\u00e9k h\u00e1tr\u00e1nya. A folytat\u00e1sban a j\u00e1t\u00e9k k\u00e9pe nem, csak az eredm\u00e9ny v\u00e1ltozott. Tov\u00e1bbra is k\u00f6nny\u0171 kosarakat dobott az Alba, az Olaj viszont nem tal\u00e1lta a gy\u0171r\u0171be vezet\u0151 utat. 32-15-tel z\u00e1rult az els\u0151 10 perc. A m\u00e1sodik j\u00e1t\u00e9kr\u00e9szben is maradt a k\u00fcl\u00f6nbs\u00e9g, a mieink tov\u00e1bbra sem tal\u00e1lt\u00e1k form\u00e1jukat \u00e9s csak az utols\u00f3 m\u00e1sodpercben siker\u00fclt kozmetik\u00e1zni az eredm\u00e9nyt. A t\u00e9rfelek felcser\u00e9l\u00e9s\u00e9vel, mintha a csapatok is felcser\u00e9l\u0151dtek volna. Egy teljesen m\u00e1sik szolnoki g\u00e1rda futott ki a parkettre. B\u00e1der\u00e9k cs\u00fasztak, m\u00e1sztak minden labd\u00e1\u00e9rt, Trotter is elkezdett kos\u00e1rlabd\u00e1zni, a v\u00e9delem is helyre\u00e1llt, \u00e9s az \u00f6t\u00f6dik percben m\u00e1ris 10 alatt volt a k\u00fcl\u00f6nbs\u00e9g, az Albacomp ugyanis hossz\u00fa percekig pontk\u00e9ptelen volt. Nem t\u00e1madt fel az Alba, s\u0151t. A 29. percben a meccs sor\u00e1n el\u0151sz\u00f6r az Olaj \u00e1tvette a vezet\u00e9st. A szolnoki egy\u00fcttes nem engedte ki kez\u00e9b\u0151l a gy\u0151zelmet, els\u0151sorban B\u00e1der \u00e9s Gay remek j\u00e1t\u00e9k\u00e1nak k\u00f6sz\u00f6nhet\u0151en 80-71-re gy\u0151z\u00f6tt \u00e9s bejutott a bajnoki d\u00f6nt\u0151be, ahol a Falco-K\u00f6rmend p\u00e1rharc tov\u00e1bbjut\u00f3j\u00e1val csat\u00e1zik az arany\u00e9rt.<br \/>\n<div style=\"width: 640px;\" class=\"wp-video\"><!--[if lt IE 9]><script>document.createElement('video');<\/script><![endif]-->\n<video class=\"wp-video-shortcode\" id=\"video-23466-1\" width=\"640\" height=\"360\" preload=\"metadata\" controls=\"controls\"><source type=\"video\/mp4\" src=\"\/spots\/hir\/hir_120511_02.mp4?_=1\" \/><a href=\"\/spots\/hir\/hir_120511_02.mp4\">\/spots\/hir\/hir_120511_02.mp4<\/a><\/video><\/div><\/p>\n","protected":false},"excerpt":{"rendered":"<p>S\u00f6pr\u00e9ssel d\u00f6nt\u0151ben a c\u00edmv\u00e9d\u0151. A Szolnoki Olaj kos\u00e1rlabda csapata tegnap este kilenc ponttal gy\u0151z\u00f6tt az Albacomp otthon\u00e1ban, ezzel 3-0-ra megnyerte a p\u00e1rharcot \u00e9s bejutott a fin\u00e1l\u00e9ba. Hasonl\u00f3an az els\u0151 feh\u00e9rv\u00e1ri tal\u00e1lkoz\u00f3hoz a hazaik kezdek jobban, olyannyira, hogy a Szolnok se a t\u00e1mad\u00f3, se a v\u00e9dekez\u0151j\u00e1t\u00e9kuk ellenszer\u00e9t nem tal\u00e1lta. Az \u00f6t\u00f6dik percben m\u00e1ris 10 pont volt [&hellip;]<\/p>\n","protected":false},"author":2,"featured_media":0,"comment_status":"open","ping_status":"open","sticky":false,"template":"","format":"standard","meta":[],"categories":[20],"tags":[],"_links":{"self":[{"href":"http:\/\/archiv.szolnoktv.hu\/index.php?rest_route=\/wp\/v2\/posts\/23466"}],"collection":[{"href":"http:\/\/archiv.szolnoktv.hu\/index.php?rest_route=\/wp\/v2\/posts"}],"about":[{"href":"http:\/\/archiv.szolnoktv.hu\/index.php?rest_route=\/wp\/v2\/types\/post"}],"author":[{"embeddable":true,"href":"http:\/\/archiv.szolnoktv.hu\/index.php?rest_route=\/wp\/v2\/users\/2"}],"replies":[{"embeddable":true,"href":"http:\/\/archiv.szolnoktv.hu\/index.php?rest_route=%2Fwp%2Fv2%2Fcomments&post=23466"}],"version-history":[{"count":1,"href":"http:\/\/archiv.szolnoktv.hu\/index.php?rest_route=\/wp\/v2\/posts\/23466\/revisions"}],"predecessor-version":[{"id":23545,"href":"http:\/\/archiv.szolnoktv.hu\/index.php?rest_route=\/wp\/v2\/posts\/23466\/revisions\/23545"}],"wp:attachment":[{"href":"http:\/\/archiv.szolnoktv.hu\/index.php?rest_route=%2Fwp%2Fv2%2Fmedia&parent=23466"}],"wp:term":[{"taxonomy":"category","embeddable":true,"href":"http:\/\/archiv.szolnoktv.hu\/index.php?rest_route=%2Fwp%2Fv2%2Fcategories&post=23466"},{"taxonomy":"post_tag","embeddable":true,"href":"http:\/\/archiv.szolnoktv.hu\/index.php?rest_route=%2Fwp%2Fv2%2Ftags&post=23466"}],"curies":[{"name":"wp","href":"https:\/\/api.w.org\/{rel}","templated":true}]}}