{"id":23465,"date":"2012-05-11T13:07:36","date_gmt":"2012-05-11T13:07:36","guid":{"rendered":"http:\/\/archiv.szolnoktv.hu\/?p=23465"},"modified":"2021-10-08T08:10:21","modified_gmt":"2021-10-08T08:10:21","slug":"a-novenyhazba-latogatott-a-polgarmester","status":"publish","type":"post","link":"http:\/\/archiv.szolnoktv.hu\/?p=23465","title":{"rendered":"A n\u00f6v\u00e9nyh\u00e1zba l\u00e1togatott a polg\u00e1rmester"},"content":{"rendered":"<div class='booster-block booster-read-block'><\/div><p>A Munkalehet\u0151s\u00e9g a J\u00f6v\u0151\u00e9rt Kft. n\u00f6v\u00e9nyh\u00e1z\u00e1t tekintette meg p\u00e9nteken d\u00e9lel\u0151tt Szalay Ferenc polg\u00e1rmester. A febru\u00e1ri indul\u00e1s \u00f3ta 35 ezer vir\u00e1g kapott helyet a telepen, melyekb\u0151l most m\u00e1r a lakoss\u00e1g is v\u00e1s\u00e1rolhat.<br \/>\nA Munkalehet\u0151s\u00e9g a J\u00f6v\u0151\u00e9rt Kft. 60-65 ezer f\u00e9r\u0151helyes n\u00f6v\u00e9nyh\u00e1z\u00e1ban febru\u00e1r \u00f3ta 35 ezer pal\u00e1nt\u00e1t nevelnek. Rem\u00e9nyeik szerint m\u00e1r ez az \u00e9v is &#8211; m\u00e9g ha csek\u00e9ly m\u00e9rt\u00e9kben is &#8211; nyeres\u00e9ges lesz, j\u00f6v\u0151re pedig szeretn\u00e9k a teljes kapacit\u00e1st kihaszn\u00e1lni. Sok mindent terveznek, pl. \u0151szre  \u00e1rv\u00e1csk\u00e1t, krizant\u00e9nt, valamint f\u0171szern\u00f6v\u00e9nyeket is termeszteni. Az idei pal\u00e1nt\u00e1k nagy r\u00e9sze a v\u00e1ros k\u00f6ztereire ker\u00fcl, de marad m\u00e9g a h\u00e1zak kertj\u00e9be \u00e9s az erk\u00e9lyekre is. Juh\u00e1sz Gyul\u00e1n\u00e9 \u00fcgyvezet\u0151 igazgat\u00f3 elmondta: n\u00e9h\u00e1ny ezer darabot a lakoss\u00e1gnak szeretn\u00e9nk \u00e9rt\u00e9kes\u00edteni; az El\u0151d \u00fati n\u00f6v\u00e9nyh\u00e1zban minden nap reggel 8-t\u00f3l d\u00e9lut\u00e1n 3-ig v\u00e1rj\u00e1k 15-f\u00e9le vir\u00e1ggal az \u00e9rdekl\u0151d\u0151ket. A p\u00e9nteki l\u00e1togat\u00e1son Szalay Ferenc polg\u00e1rmester elmondta: \u00faj sz\u00ednfoltja a v\u00e1rosnak, hogy egy modern \u00e9s j\u00f3l felszerelt kert\u00e9szetb\u0151l ker\u00fclnek a k\u00f6zterek vir\u00e1gai \u00e9s k\u00fcl\u00f6n \u00f6r\u00f6m, hogy a c\u00e9g &#8211; azon t\u00fal, hogy munkan\u00e9lk\u00fclieket foglalkoztat &#8211; olyan fejleszt\u00e9seket val\u00f3s\u00edt meg, melyek hossz\u00fa t\u00e1von garant\u00e1lj\u00e1k a m\u0171k\u00f6d\u00e9s\u00e9t \u00e9s a v\u00e1rosnak is haszn\u00e1lnak.<br \/>\n<div style=\"width: 640px;\" class=\"wp-video\"><!--[if lt IE 9]><script>document.createElement('video');<\/script><![endif]-->\n<video class=\"wp-video-shortcode\" id=\"video-23465-1\" width=\"640\" height=\"360\" preload=\"metadata\" controls=\"controls\"><source type=\"video\/mp4\" src=\"\/spots\/hir\/hir_120511_01.mp4?_=1\" \/><a href=\"\/spots\/hir\/hir_120511_01.mp4\">\/spots\/hir\/hir_120511_01.mp4<\/a><\/video><\/div><\/p>\n","protected":false},"excerpt":{"rendered":"<p>A Munkalehet\u0151s\u00e9g a J\u00f6v\u0151\u00e9rt Kft. n\u00f6v\u00e9nyh\u00e1z\u00e1t tekintette meg p\u00e9nteken d\u00e9lel\u0151tt Szalay Ferenc polg\u00e1rmester. A febru\u00e1ri indul\u00e1s \u00f3ta 35 ezer vir\u00e1g kapott helyet a telepen, melyekb\u0151l most m\u00e1r a lakoss\u00e1g is v\u00e1s\u00e1rolhat. A Munkalehet\u0151s\u00e9g a J\u00f6v\u0151\u00e9rt Kft. 60-65 ezer f\u00e9r\u0151helyes n\u00f6v\u00e9nyh\u00e1z\u00e1ban febru\u00e1r \u00f3ta 35 ezer pal\u00e1nt\u00e1t nevelnek. Rem\u00e9nyeik szerint m\u00e1r ez az \u00e9v is &#8211; m\u00e9g [&hellip;]<\/p>\n","protected":false},"author":2,"featured_media":0,"comment_status":"open","ping_status":"open","sticky":false,"template":"","format":"standard","meta":[],"categories":[20],"tags":[],"_links":{"self":[{"href":"http:\/\/archiv.szolnoktv.hu\/index.php?rest_route=\/wp\/v2\/posts\/23465"}],"collection":[{"href":"http:\/\/archiv.szolnoktv.hu\/index.php?rest_route=\/wp\/v2\/posts"}],"about":[{"href":"http:\/\/archiv.szolnoktv.hu\/index.php?rest_route=\/wp\/v2\/types\/post"}],"author":[{"embeddable":true,"href":"http:\/\/archiv.szolnoktv.hu\/index.php?rest_route=\/wp\/v2\/users\/2"}],"replies":[{"embeddable":true,"href":"http:\/\/archiv.szolnoktv.hu\/index.php?rest_route=%2Fwp%2Fv2%2Fcomments&post=23465"}],"version-history":[{"count":1,"href":"http:\/\/archiv.szolnoktv.hu\/index.php?rest_route=\/wp\/v2\/posts\/23465\/revisions"}],"predecessor-version":[{"id":23546,"href":"http:\/\/archiv.szolnoktv.hu\/index.php?rest_route=\/wp\/v2\/posts\/23465\/revisions\/23546"}],"wp:attachment":[{"href":"http:\/\/archiv.szolnoktv.hu\/index.php?rest_route=%2Fwp%2Fv2%2Fmedia&parent=23465"}],"wp:term":[{"taxonomy":"category","embeddable":true,"href":"http:\/\/archiv.szolnoktv.hu\/index.php?rest_route=%2Fwp%2Fv2%2Fcategories&post=23465"},{"taxonomy":"post_tag","embeddable":true,"href":"http:\/\/archiv.szolnoktv.hu\/index.php?rest_route=%2Fwp%2Fv2%2Ftags&post=23465"}],"curies":[{"name":"wp","href":"https:\/\/api.w.org\/{rel}","templated":true}]}}