{"id":23464,"date":"2012-05-10T16:58:12","date_gmt":"2012-05-10T16:58:12","guid":{"rendered":"http:\/\/archiv.szolnoktv.hu\/?p=23464"},"modified":"2021-10-08T08:10:21","modified_gmt":"2021-10-08T08:10:21","slug":"beiktattak-az-uj-allamfot","status":"publish","type":"post","link":"http:\/\/archiv.szolnoktv.hu\/?p=23464","title":{"rendered":"Beiktatt\u00e1k az \u00faj \u00e1llamf\u0151t"},"content":{"rendered":"<div class='booster-block booster-read-block'><\/div><p>Hivatalba l\u00e9pett az \u00faj k\u00f6zt\u00e1rsas\u00e1gi eln\u00f6k. \u00c1der J\u00e1nos a S\u00e1ndor-palota el\u0151tt mondott besz\u00e9d\u00e9ben kiemelte: \u00faj kiegyez\u00e9sre van sz\u00fcks\u00e9g, csak ebb\u0151l sz\u00fclethet meg bels\u0151 b\u00e9k\u00e9nk. Az \u00e1llamf\u0151 hangs\u00falyozta: ez szolg\u00e1lja majd Magyarorsz\u00e1g nyugatos polg\u00e1rosod\u00e1s\u00e1t.<br \/>\n&#8222;Nem sz\u00fclettem k\u00f6zt\u00e1rsas\u00e1gi eln\u00f6knek, mint ahogy egy demokr\u00e1ci\u00e1ban senki sem sz\u00fcletik semmilyen k\u00f6zjogi m\u00e9lt\u00f3s\u00e1gra&#8221; &#8211; mondta d\u00e9lel\u0151tti beiktat\u00e1s\u00e1n \u00c1der J\u00e1nos. Hozz\u00e1f\u0171zte: magyarnak sz\u00fcletett, ami\u00e9rt h\u00e1l\u00e1s a sorsnak. A k\u00f6zt\u00e1rsas\u00e1gi eln\u00f6k besz\u00e9d\u00e9ben felid\u00e9zte: a magyarokban mindig megvolt a k\u00e9pess\u00e9g arra, hogy \u00fajj\u00e1\u00e9p\u00edts\u00e9k, amit m\u00e1sok leromboltak, \u00fajraegyes\u00edts\u00e9k, amit m\u00e1sok megosztottak. Erre \u00e9p\u00edtette De\u00e1k Ferenc a kiegyez\u00e9st, melyet az orsz\u00e1g fejl\u0151d\u00e9s\u00e9nek f\u00e9nyes \u00e9vtizedei k\u00f6vettek. Hangs\u00falyozta: ma is kiegyez\u00e9sre van sz\u00fcks\u00e9g. Itt az ideje, hogy kiegyezz\u00fcnk v\u00e9gre \u00f6nmagunkkal, csak ebb\u0151l sz\u00fclethet meg bels\u0151 b\u00e9k\u00e9nk. Ehhez el\u00e9g, ha egyenl\u0151 m\u00e9rc\u00e9vel m\u00e9r\u00fcnk, ha tisztelj\u00fck egym\u00e1st, ha k\u00f6vetend\u0151 p\u00e9ld\u00e1nak tekintj\u00fck a teljes\u00edtm\u00e9nyt &#8211; mondta az \u00e1llamf\u0151. Hozz\u00e1tette: &#8222;Ez\u00e9rt a kiegyez\u00e9s\u00e9rt mindannyiunknak van tennival\u00f3ja. K\u00e9szen \u00e1llok, hogy ebb\u0151l a nemzet el\u0151tt \u00e1ll\u00f3 nagy feladatb\u00f3l a r\u00e1m jut\u00f3 r\u00e9szt elv\u00e9gezzem.&#8221; \u00c1der J\u00e1nos hangs\u00falyozta: minden t\u0151le telhet\u0151t meg fog tenni az orsz\u00e1g felemelked\u00e9s\u00e9\u00e9rt. &#8222;K\u00e9szen \u00e1llok az el\u0151ttem \u00e1ll\u00f3 feladatra, hogy az \u00d6n\u00f6k \u00e9rdekeit \u00e9s \u00e9rt\u00e9keit k\u00e9pviseljem; arra, hogy Magyarorsz\u00e1g k\u00f6zt\u00e1rsas\u00e1gi eln\u00f6kek\u00e9nt a haz\u00e1mat szolg\u00e1ljam.&#8221;  &#8211;  z\u00e1rta besz\u00e9d\u00e9t az \u00e1llamf\u0151.<br \/>\n<div style=\"width: 640px;\" class=\"wp-video\"><!--[if lt IE 9]><script>document.createElement('video');<\/script><![endif]-->\n<video class=\"wp-video-shortcode\" id=\"video-23464-1\" width=\"640\" height=\"360\" preload=\"metadata\" controls=\"controls\"><source type=\"video\/mp4\" src=\"\/spots\/hir\/hir_120510_01.mp4?_=1\" \/><a href=\"\/spots\/hir\/hir_120510_01.mp4\">\/spots\/hir\/hir_120510_01.mp4<\/a><\/video><\/div><\/p>\n","protected":false},"excerpt":{"rendered":"<p>Hivatalba l\u00e9pett az \u00faj k\u00f6zt\u00e1rsas\u00e1gi eln\u00f6k. \u00c1der J\u00e1nos a S\u00e1ndor-palota el\u0151tt mondott besz\u00e9d\u00e9ben kiemelte: \u00faj kiegyez\u00e9sre van sz\u00fcks\u00e9g, csak ebb\u0151l sz\u00fclethet meg bels\u0151 b\u00e9k\u00e9nk. Az \u00e1llamf\u0151 hangs\u00falyozta: ez szolg\u00e1lja majd Magyarorsz\u00e1g nyugatos polg\u00e1rosod\u00e1s\u00e1t. &#8222;Nem sz\u00fclettem k\u00f6zt\u00e1rsas\u00e1gi eln\u00f6knek, mint ahogy egy demokr\u00e1ci\u00e1ban senki sem sz\u00fcletik semmilyen k\u00f6zjogi m\u00e9lt\u00f3s\u00e1gra&#8221; &#8211; mondta d\u00e9lel\u0151tti beiktat\u00e1s\u00e1n \u00c1der J\u00e1nos. Hozz\u00e1f\u0171zte: magyarnak [&hellip;]<\/p>\n","protected":false},"author":2,"featured_media":0,"comment_status":"open","ping_status":"open","sticky":false,"template":"","format":"standard","meta":[],"categories":[20],"tags":[],"_links":{"self":[{"href":"http:\/\/archiv.szolnoktv.hu\/index.php?rest_route=\/wp\/v2\/posts\/23464"}],"collection":[{"href":"http:\/\/archiv.szolnoktv.hu\/index.php?rest_route=\/wp\/v2\/posts"}],"about":[{"href":"http:\/\/archiv.szolnoktv.hu\/index.php?rest_route=\/wp\/v2\/types\/post"}],"author":[{"embeddable":true,"href":"http:\/\/archiv.szolnoktv.hu\/index.php?rest_route=\/wp\/v2\/users\/2"}],"replies":[{"embeddable":true,"href":"http:\/\/archiv.szolnoktv.hu\/index.php?rest_route=%2Fwp%2Fv2%2Fcomments&post=23464"}],"version-history":[{"count":1,"href":"http:\/\/archiv.szolnoktv.hu\/index.php?rest_route=\/wp\/v2\/posts\/23464\/revisions"}],"predecessor-version":[{"id":23547,"href":"http:\/\/archiv.szolnoktv.hu\/index.php?rest_route=\/wp\/v2\/posts\/23464\/revisions\/23547"}],"wp:attachment":[{"href":"http:\/\/archiv.szolnoktv.hu\/index.php?rest_route=%2Fwp%2Fv2%2Fmedia&parent=23464"}],"wp:term":[{"taxonomy":"category","embeddable":true,"href":"http:\/\/archiv.szolnoktv.hu\/index.php?rest_route=%2Fwp%2Fv2%2Fcategories&post=23464"},{"taxonomy":"post_tag","embeddable":true,"href":"http:\/\/archiv.szolnoktv.hu\/index.php?rest_route=%2Fwp%2Fv2%2Ftags&post=23464"}],"curies":[{"name":"wp","href":"https:\/\/api.w.org\/{rel}","templated":true}]}}