{"id":23462,"date":"2012-05-09T17:59:53","date_gmt":"2012-05-09T17:59:53","guid":{"rendered":"http:\/\/archiv.szolnoktv.hu\/?p=23462"},"modified":"2021-10-08T08:10:22","modified_gmt":"2021-10-08T08:10:22","slug":"diakok-a-kikepzo-kozpontban","status":"publish","type":"post","link":"http:\/\/archiv.szolnoktv.hu\/?p=23462","title":{"rendered":"Di\u00e1kok a kik\u00e9pz\u0151 k\u00f6zpontban"},"content":{"rendered":"<div class='booster-block booster-read-block'><\/div><p>Megizzasztott\u00e1k ma a LIA Alap\u00edtv\u00e1nyi Szakk\u00f6z\u00e9piskola szolnoki hallgat\u00f3it a HM B\u00e9kefenntart\u00f3 Kik\u00e9pz\u0151k\u00f6zpontban. A budapesti sz\u00e9khely\u0171 int\u00e9zm\u00e9ny helyi tagozata a tan\u00e9v elej\u00e9n vette fel a kapcsolatot a katonai l\u00e9tes\u00edtm\u00e9ny vezet\u00e9s\u00e9vel.<br \/>\nTanulm\u00e1nyaik megkezd\u00e9sekor bizony\u00e1ra nem sokan gondolt\u00e1k, hogy gyakorl\u00f3 ruh\u00e1ban, h\u00fasz kil\u00f3s repesz\u00e1ll\u00f3 mell\u00e9nyben rohannak majd t\u00e1rsaik unszol\u00e1s\u00e1ra a majd 30 fokos h\u0151s\u00e9gben. Hogy a sors v\u00e9g\u00fcl \u00edgy hozta, m\u00e9gis maguknak k\u00f6sz\u00f6nhetik- a honv\u00e9delmi fakult\u00e1ci\u00f3 meghirdet\u00e9sekor ugyanis rengetegen kapt\u00e1k fel a fej\u00fcket a lehet\u0151s\u00e9gre a majd 300 di\u00e1k kez\u00e9be szakm\u00e1t ad\u00f3 szolnoki LIA Alap\u00edtv\u00e1nyi K\u00f6z\u00e9piskola hallgat\u00f3i k\u00f6z\u00fcl.A pr\u00f3b\u00e1k val\u00f3di harci szitu\u00e1ci\u00f3kat modelleztek. A megpr\u00f3b\u00e1ltat\u00e1sok ut\u00e1n a meg\u00e9rdemelt eb\u00e9d z\u00e1rta a programot, amolyan katona m\u00f3don&#8230;zs\u00edros keny\u00e9rrel, te\u00e1val. A Tisztikub \u00c9tterem meglepet\u00e9se j\u00f3l esett a honv\u00e9dek hivat\u00e1s\u00e1t ezek ut\u00e1n m\u00e1r m\u00e1s szemmel l\u00e1t\u00f3 di\u00e1koknak.<br \/>\n<div style=\"width: 640px;\" class=\"wp-video\"><!--[if lt IE 9]><script>document.createElement('video');<\/script><![endif]-->\n<video class=\"wp-video-shortcode\" id=\"video-23462-1\" width=\"640\" height=\"360\" preload=\"metadata\" controls=\"controls\"><source type=\"video\/mp4\" src=\"\/spots\/hir\/hir_120509_02.mp4?_=1\" \/><a href=\"\/spots\/hir\/hir_120509_02.mp4\">\/spots\/hir\/hir_120509_02.mp4<\/a><\/video><\/div><\/p>\n","protected":false},"excerpt":{"rendered":"<p>Megizzasztott\u00e1k ma a LIA Alap\u00edtv\u00e1nyi Szakk\u00f6z\u00e9piskola szolnoki hallgat\u00f3it a HM B\u00e9kefenntart\u00f3 Kik\u00e9pz\u0151k\u00f6zpontban. A budapesti sz\u00e9khely\u0171 int\u00e9zm\u00e9ny helyi tagozata a tan\u00e9v elej\u00e9n vette fel a kapcsolatot a katonai l\u00e9tes\u00edtm\u00e9ny vezet\u00e9s\u00e9vel. Tanulm\u00e1nyaik megkezd\u00e9sekor bizony\u00e1ra nem sokan gondolt\u00e1k, hogy gyakorl\u00f3 ruh\u00e1ban, h\u00fasz kil\u00f3s repesz\u00e1ll\u00f3 mell\u00e9nyben rohannak majd t\u00e1rsaik unszol\u00e1s\u00e1ra a majd 30 fokos h\u0151s\u00e9gben. Hogy a sors v\u00e9g\u00fcl [&hellip;]<\/p>\n","protected":false},"author":2,"featured_media":0,"comment_status":"open","ping_status":"open","sticky":false,"template":"","format":"standard","meta":[],"categories":[20],"tags":[],"_links":{"self":[{"href":"http:\/\/archiv.szolnoktv.hu\/index.php?rest_route=\/wp\/v2\/posts\/23462"}],"collection":[{"href":"http:\/\/archiv.szolnoktv.hu\/index.php?rest_route=\/wp\/v2\/posts"}],"about":[{"href":"http:\/\/archiv.szolnoktv.hu\/index.php?rest_route=\/wp\/v2\/types\/post"}],"author":[{"embeddable":true,"href":"http:\/\/archiv.szolnoktv.hu\/index.php?rest_route=\/wp\/v2\/users\/2"}],"replies":[{"embeddable":true,"href":"http:\/\/archiv.szolnoktv.hu\/index.php?rest_route=%2Fwp%2Fv2%2Fcomments&post=23462"}],"version-history":[{"count":1,"href":"http:\/\/archiv.szolnoktv.hu\/index.php?rest_route=\/wp\/v2\/posts\/23462\/revisions"}],"predecessor-version":[{"id":23549,"href":"http:\/\/archiv.szolnoktv.hu\/index.php?rest_route=\/wp\/v2\/posts\/23462\/revisions\/23549"}],"wp:attachment":[{"href":"http:\/\/archiv.szolnoktv.hu\/index.php?rest_route=%2Fwp%2Fv2%2Fmedia&parent=23462"}],"wp:term":[{"taxonomy":"category","embeddable":true,"href":"http:\/\/archiv.szolnoktv.hu\/index.php?rest_route=%2Fwp%2Fv2%2Fcategories&post=23462"},{"taxonomy":"post_tag","embeddable":true,"href":"http:\/\/archiv.szolnoktv.hu\/index.php?rest_route=%2Fwp%2Fv2%2Ftags&post=23462"}],"curies":[{"name":"wp","href":"https:\/\/api.w.org\/{rel}","templated":true}]}}