{"id":23461,"date":"2012-05-09T17:57:50","date_gmt":"2012-05-09T17:57:50","guid":{"rendered":"http:\/\/archiv.szolnoktv.hu\/?p=23461"},"modified":"2021-10-08T08:10:23","modified_gmt":"2021-10-08T08:10:23","slug":"megavers-4-2","status":"publish","type":"post","link":"http:\/\/archiv.szolnoktv.hu\/?p=23461","title":{"rendered":"Megavers 4"},"content":{"rendered":"<div class='booster-block booster-read-block'><\/div><p>Ism\u00e9t reflektorf\u00e9nyben a k\u00f6lt\u00e9szet. Ahogy 2009 \u00f3ta minden \u00e9vben, \u00edgy id\u00e9n is megrendezte a Megaverset a Szolnok Telev\u00edzi\u00f3 \u00e9s az Aba-Nov\u00e1k Kultur\u00e1lis K\u00f6zpont. A megm\u00e9rettet\u00e9s m\u00e1t\u00f3l \u00e9lesben zajlik, az els\u0151 k\u00f6z\u00e9pd\u00f6nt\u0151ben t\u00edzen l\u00e9ptek d\u00e9lut\u00e1n sz\u00ednpadra.<br \/>\nSorrendben imm\u00e1r negyedik \u00e9ve csend\u00fclt fel a j\u00f3l ismert f\u0151c\u00edmzene \u00e9s k\u00e9psor az Aba-Nov\u00e1k Kultur\u00e1lis K\u00f6zpont sz\u00ednh\u00e1zterm\u00e9ben. A Megavers4 felh\u00edv\u00e1s\u00e1ra id\u00e9n csaknem sz\u00e1zan jelentkeztek. Ez azt mutatja, a fiatalok k\u00f6r\u00e9ben is van ig\u00e9ny a k\u00f6lt\u00e9szetre, a sz\u00e9p versekre  &#8211;  mondta Harcsa B\u00e9la, a Szolnok Telev\u00edzi\u00f3 c\u00e9gvezet\u0151-f\u0151szerkeszt\u0151je. A sz\u00ednpadra l\u00e9p\u0151k produkci\u00f3it szak\u00e9rt\u0151 zs\u0171ri \u00e9rt\u00e9keli, az \u00edt\u00e9szek j\u00f3volt\u00e1b\u00f3l a k\u00e9t k\u00f6z\u00e9pd\u00f6nt\u0151b\u0151l h\u00e1rom-h\u00e1rom versmond\u00f3 ker\u00fclhet a fin\u00e1l\u00e9ba. Ugyanakkor a t\u00f6bbi versenyz\u0151 is rem\u00e9nykedhet m\u00e9g, hiszen a k\u00f6z\u00f6ns\u00e9g ez\u00fattal szint\u00e9n k\u00e9t-k\u00e9t versenyz\u0151t juttathat tov\u00e1bb szavazataival. Az els\u0151 k\u00f6z\u00e9pd\u00f6nt\u0151t szombaton este f\u00e9l nyolct\u00f3l l\u00e1thatj\u00e1k n\u00e9z\u0151ink felv\u00e9telr\u0151l. V\u00e1rjuk teh\u00e1t voksaikat az ad\u00e1st k\u00f6vet\u0151en a Szolnok Telev\u00edzi\u00f3 honlapj\u00e1n, de lehet szavazni e-mailben, sms-ben, postai \u00faton, vagy az \u00daj N\u00e9plapb\u00f3l kiv\u00e1gott szelv\u00e9nyen eg\u00e9szen m\u00e1jus 16-\u00e1n, szerd\u00e1n \u00e9jf\u00e9lig.<br \/>\n<div style=\"width: 640px;\" class=\"wp-video\"><!--[if lt IE 9]><script>document.createElement('video');<\/script><![endif]-->\n<video class=\"wp-video-shortcode\" id=\"video-23461-1\" width=\"640\" height=\"360\" preload=\"metadata\" controls=\"controls\"><source type=\"video\/mp4\" src=\"\/spots\/hir\/hir_120509_04.mp4?_=1\" \/><a href=\"\/spots\/hir\/hir_120509_04.mp4\">\/spots\/hir\/hir_120509_04.mp4<\/a><\/video><\/div><\/p>\n","protected":false},"excerpt":{"rendered":"<p>Ism\u00e9t reflektorf\u00e9nyben a k\u00f6lt\u00e9szet. Ahogy 2009 \u00f3ta minden \u00e9vben, \u00edgy id\u00e9n is megrendezte a Megaverset a Szolnok Telev\u00edzi\u00f3 \u00e9s az Aba-Nov\u00e1k Kultur\u00e1lis K\u00f6zpont. A megm\u00e9rettet\u00e9s m\u00e1t\u00f3l \u00e9lesben zajlik, az els\u0151 k\u00f6z\u00e9pd\u00f6nt\u0151ben t\u00edzen l\u00e9ptek d\u00e9lut\u00e1n sz\u00ednpadra. Sorrendben imm\u00e1r negyedik \u00e9ve csend\u00fclt fel a j\u00f3l ismert f\u0151c\u00edmzene \u00e9s k\u00e9psor az Aba-Nov\u00e1k Kultur\u00e1lis K\u00f6zpont sz\u00ednh\u00e1zterm\u00e9ben. A Megavers4 felh\u00edv\u00e1s\u00e1ra [&hellip;]<\/p>\n","protected":false},"author":2,"featured_media":0,"comment_status":"open","ping_status":"open","sticky":false,"template":"","format":"standard","meta":[],"categories":[20],"tags":[],"_links":{"self":[{"href":"http:\/\/archiv.szolnoktv.hu\/index.php?rest_route=\/wp\/v2\/posts\/23461"}],"collection":[{"href":"http:\/\/archiv.szolnoktv.hu\/index.php?rest_route=\/wp\/v2\/posts"}],"about":[{"href":"http:\/\/archiv.szolnoktv.hu\/index.php?rest_route=\/wp\/v2\/types\/post"}],"author":[{"embeddable":true,"href":"http:\/\/archiv.szolnoktv.hu\/index.php?rest_route=\/wp\/v2\/users\/2"}],"replies":[{"embeddable":true,"href":"http:\/\/archiv.szolnoktv.hu\/index.php?rest_route=%2Fwp%2Fv2%2Fcomments&post=23461"}],"version-history":[{"count":1,"href":"http:\/\/archiv.szolnoktv.hu\/index.php?rest_route=\/wp\/v2\/posts\/23461\/revisions"}],"predecessor-version":[{"id":23550,"href":"http:\/\/archiv.szolnoktv.hu\/index.php?rest_route=\/wp\/v2\/posts\/23461\/revisions\/23550"}],"wp:attachment":[{"href":"http:\/\/archiv.szolnoktv.hu\/index.php?rest_route=%2Fwp%2Fv2%2Fmedia&parent=23461"}],"wp:term":[{"taxonomy":"category","embeddable":true,"href":"http:\/\/archiv.szolnoktv.hu\/index.php?rest_route=%2Fwp%2Fv2%2Fcategories&post=23461"},{"taxonomy":"post_tag","embeddable":true,"href":"http:\/\/archiv.szolnoktv.hu\/index.php?rest_route=%2Fwp%2Fv2%2Ftags&post=23461"}],"curies":[{"name":"wp","href":"https:\/\/api.w.org\/{rel}","templated":true}]}}