{"id":23460,"date":"2012-05-08T17:47:43","date_gmt":"2012-05-08T17:47:43","guid":{"rendered":"http:\/\/archiv.szolnoktv.hu\/?p=23460"},"modified":"2021-10-08T08:10:23","modified_gmt":"2021-10-08T08:10:23","slug":"harom-kistigris-erkezett-abonyba","status":"publish","type":"post","link":"http:\/\/archiv.szolnoktv.hu\/?p=23460","title":{"rendered":"H\u00e1rom kistigris \u00e9rkezett Abonyba"},"content":{"rendered":"<div class='booster-block booster-read-block'><\/div><p>H\u00e1rom, n\u00e9gy hetes szib\u00e9riai kistigris \u00e9rkezett az Abonyi \u00c1llatparkba. A cs\u00f6pps\u00e9gek N\u00e9metorsz\u00e1gban, Hamburg k\u00f6rny\u00e9k\u00e9n sz\u00fclettek. Els\u0151k\u00e9nt a Szolnok Telev\u00edzi\u00f3 st\u00e1bja l\u00e1thatta \u0151ket.<br \/>\nA h\u00e1rom szib\u00e9riai kistigris egy hete lakik a Abonyi \u00c1llatparkban. &#8222;Nagyon eg\u00e9szs\u00e9gesen \u00e9rkeztek, az t\u00e9ny, hogy 1.300 kilom\u00e9tert utaztak, teh\u00e1t nagyon megviselte az \u00fat \u0151ket, kicsik visszaestek, de nagyon eg\u00e9szs\u00e9gesek, nagyon sz\u00e9pek.&#8221; &#8211; mondja T\u00f3th Tibor az \u00e1llatpark tulajdonosa. A kicsik m\u00e9g ismerkednek a k\u00f6rnyezettel, rendk\u00edv\u00fcl bar\u00e1ts\u00e1gosak, m\u00e9g az idegenek l\u00e1b\u00e1hoz is hozz\u00e1d\u00f6rg\u00f6l\u0151znek. Egy nap \u00f6tsz\u00f6r esznek, egy kicsi \u00f6sszesen f\u00e9l liter t\u00e1pszeres tejet fogyaszt el  &#8211;  ez a korukhoz k\u00e9pes nagy mennyis\u00e9g is j\u00f3l jellemzi fal\u00e1nks\u00e1gukat. Oroszl\u00e1nok nevel\u00e9s\u00e9ben van m\u00e1r rutinjuk, b\u00e1r a tigrisekkel m\u00e1shogyan kell b\u00e1nni. A cs\u00edkos bund\u00e1j\u00fa nagymacsk\u00e1k rokonukkal ellent\u00e9tben mag\u00e1nyosabban szeretnek \u00e9lni \u00e9s sokkal b\u00e1trabbak is. A park vend\u00e9gei a h\u00e9tv\u00e9g\u00e9n l\u00e1thatj\u00e1k el\u0151sz\u00f6r a h\u00e1rom cs\u00f6pps\u00e9get, \u00e1m simogatni m\u00e9g nem lehet \u0151ket.<br \/>\n<div style=\"width: 640px;\" class=\"wp-video\"><!--[if lt IE 9]><script>document.createElement('video');<\/script><![endif]-->\n<video class=\"wp-video-shortcode\" id=\"video-23460-1\" width=\"640\" height=\"360\" preload=\"metadata\" controls=\"controls\"><source type=\"video\/mp4\" src=\"\/spots\/hir\/hir_120508_03.mp4?_=1\" \/><a href=\"\/spots\/hir\/hir_120508_03.mp4\">\/spots\/hir\/hir_120508_03.mp4<\/a><\/video><\/div><\/p>\n","protected":false},"excerpt":{"rendered":"<p>H\u00e1rom, n\u00e9gy hetes szib\u00e9riai kistigris \u00e9rkezett az Abonyi \u00c1llatparkba. A cs\u00f6pps\u00e9gek N\u00e9metorsz\u00e1gban, Hamburg k\u00f6rny\u00e9k\u00e9n sz\u00fclettek. Els\u0151k\u00e9nt a Szolnok Telev\u00edzi\u00f3 st\u00e1bja l\u00e1thatta \u0151ket. A h\u00e1rom szib\u00e9riai kistigris egy hete lakik a Abonyi \u00c1llatparkban. &#8222;Nagyon eg\u00e9szs\u00e9gesen \u00e9rkeztek, az t\u00e9ny, hogy 1.300 kilom\u00e9tert utaztak, teh\u00e1t nagyon megviselte az \u00fat \u0151ket, kicsik visszaestek, de nagyon eg\u00e9szs\u00e9gesek, nagyon sz\u00e9pek.&#8221; &#8211; [&hellip;]<\/p>\n","protected":false},"author":2,"featured_media":0,"comment_status":"open","ping_status":"open","sticky":false,"template":"","format":"standard","meta":[],"categories":[20],"tags":[],"_links":{"self":[{"href":"http:\/\/archiv.szolnoktv.hu\/index.php?rest_route=\/wp\/v2\/posts\/23460"}],"collection":[{"href":"http:\/\/archiv.szolnoktv.hu\/index.php?rest_route=\/wp\/v2\/posts"}],"about":[{"href":"http:\/\/archiv.szolnoktv.hu\/index.php?rest_route=\/wp\/v2\/types\/post"}],"author":[{"embeddable":true,"href":"http:\/\/archiv.szolnoktv.hu\/index.php?rest_route=\/wp\/v2\/users\/2"}],"replies":[{"embeddable":true,"href":"http:\/\/archiv.szolnoktv.hu\/index.php?rest_route=%2Fwp%2Fv2%2Fcomments&post=23460"}],"version-history":[{"count":1,"href":"http:\/\/archiv.szolnoktv.hu\/index.php?rest_route=\/wp\/v2\/posts\/23460\/revisions"}],"predecessor-version":[{"id":23551,"href":"http:\/\/archiv.szolnoktv.hu\/index.php?rest_route=\/wp\/v2\/posts\/23460\/revisions\/23551"}],"wp:attachment":[{"href":"http:\/\/archiv.szolnoktv.hu\/index.php?rest_route=%2Fwp%2Fv2%2Fmedia&parent=23460"}],"wp:term":[{"taxonomy":"category","embeddable":true,"href":"http:\/\/archiv.szolnoktv.hu\/index.php?rest_route=%2Fwp%2Fv2%2Fcategories&post=23460"},{"taxonomy":"post_tag","embeddable":true,"href":"http:\/\/archiv.szolnoktv.hu\/index.php?rest_route=%2Fwp%2Fv2%2Ftags&post=23460"}],"curies":[{"name":"wp","href":"https:\/\/api.w.org\/{rel}","templated":true}]}}