{"id":23459,"date":"2012-05-08T16:28:44","date_gmt":"2012-05-08T16:28:44","guid":{"rendered":"http:\/\/archiv.szolnoktv.hu\/?p=23459"},"modified":"2021-10-08T08:10:23","modified_gmt":"2021-10-08T08:10:23","slug":"hadviseles-szarazon-es-vizen-foldon-es-levegoben","status":"publish","type":"post","link":"http:\/\/archiv.szolnoktv.hu\/?p=23459","title":{"rendered":"Hadvisel\u00e9s sz\u00e1razon \u00e9s v\u00edzen, f\u00f6ld\u00f6n \u00e9s leveg\u0151ben"},"content":{"rendered":"<div class='booster-block booster-read-block'><\/div><p>Mutat\u00f3ba m\u00e1r akad p\u00e1r p\u00e9ld\u00e1ny, az igazi inv\u00e1zi\u00f3 azonban m\u00e9g v\u00e1rat mag\u00e1ra. A v\u00e1ros id\u00e9n is jelent\u0151s forr\u00e1st k\u00fcl\u00f6n\u00edtett el sz\u00fanyoggy\u00e9r\u00edt\u00e9sre. Az elm\u00falt napok csapad\u00e9kos id\u0151j\u00e1r\u00e1sa k\u00fcl\u00f6n\u00f6sen kedvez a v\u00e9rsz\u00edv\u00f3k szaporod\u00e1s\u00e1nak.<br \/>\n45 milli\u00f3 forintot sz\u00e1n az \u00f6nkorm\u00e1nyzat id\u00e9n sz\u00fanyoggy\u00e9r\u00edt\u00e9sre. A feladattal megb\u00edzott &#8222;sz\u00fanyogszak\u00e9rt\u0151&#8221; \u00e1prilis 15-e \u00f3ta figyeli a k\u00f6rny\u00e9k vizeit, a v\u00e9rsz\u00edv\u00f3k fejl\u0151d\u00e9s\u00e9t. Mint D\u00e9nes G\u00e1bort\u00f3l, a polg\u00e1rmesteri hivatal f\u0151tan\u00e1csos\u00e1t\u00f3l megtudtuk, hogy &#8222;az elm\u00falt h\u00e9ten mivel egy jelent\u0151s meleghull\u00e1m \u00e9rkezett, illetve egy nagyon pici \u00e1rhull\u00e1m vonult le a Tisz\u00e1n, \u00fagy d\u00f6nt\u00f6tt\u00fcnk, hogy a biol\u00f3giai kezel\u00e9st azt elv\u00e9gezz\u00fck, 420 hekt\u00e1ron m\u00e1jus harmadik\u00e1n.&#8221; Az viszont id\u0151j\u00e1r\u00e1s- \u00e9s v\u00edz\u00e1ll\u00e1sf\u00fcgg\u0151 mikor rendelik el az els\u0151 l\u00e9gi k\u00e9miai irt\u00e1st. A beavatkoz\u00e1st azonban egy m\u00e1sik m\u00e9r\u00e9s is megel\u0151zi: a v\u00e9rsz\u00edv\u00f3 rovarok sz\u00e1ma akkor l\u00e9pi \u00e1t a t\u0171r\u00e9shat\u00e1rt amikor az emberi testfel\u00fcleten egy \u00f3ra alatt m\u00e9rt cs\u00edp\u00e9ssz\u00e1m el\u00e9ri, vagy meghaladja a hatvanat. \u00d6sszesen \u00f6tsz\u00f6r t\u00f6ltik majd fel ny\u00e1ron a rep\u00fcl\u0151g\u00e9p permettart\u00e1lyait. A k\u00e9nyszer\u0171 hadvisel\u00e9s v\u00e1rhat\u00f3an szeptember k\u00f6zep\u00e9ig tart.<br \/>\n<div style=\"width: 640px;\" class=\"wp-video\"><!--[if lt IE 9]><script>document.createElement('video');<\/script><![endif]-->\n<video class=\"wp-video-shortcode\" id=\"video-23459-1\" width=\"640\" height=\"360\" preload=\"metadata\" controls=\"controls\"><source type=\"video\/mp4\" src=\"\/spots\/hir\/hir_120508_01.mp4?_=1\" \/><a href=\"\/spots\/hir\/hir_120508_01.mp4\">\/spots\/hir\/hir_120508_01.mp4<\/a><\/video><\/div><\/p>\n","protected":false},"excerpt":{"rendered":"<p>Mutat\u00f3ba m\u00e1r akad p\u00e1r p\u00e9ld\u00e1ny, az igazi inv\u00e1zi\u00f3 azonban m\u00e9g v\u00e1rat mag\u00e1ra. A v\u00e1ros id\u00e9n is jelent\u0151s forr\u00e1st k\u00fcl\u00f6n\u00edtett el sz\u00fanyoggy\u00e9r\u00edt\u00e9sre. Az elm\u00falt napok csapad\u00e9kos id\u0151j\u00e1r\u00e1sa k\u00fcl\u00f6n\u00f6sen kedvez a v\u00e9rsz\u00edv\u00f3k szaporod\u00e1s\u00e1nak. 45 milli\u00f3 forintot sz\u00e1n az \u00f6nkorm\u00e1nyzat id\u00e9n sz\u00fanyoggy\u00e9r\u00edt\u00e9sre. A feladattal megb\u00edzott &#8222;sz\u00fanyogszak\u00e9rt\u0151&#8221; \u00e1prilis 15-e \u00f3ta figyeli a k\u00f6rny\u00e9k vizeit, a v\u00e9rsz\u00edv\u00f3k fejl\u0151d\u00e9s\u00e9t. Mint D\u00e9nes [&hellip;]<\/p>\n","protected":false},"author":2,"featured_media":0,"comment_status":"open","ping_status":"open","sticky":false,"template":"","format":"standard","meta":[],"categories":[20],"tags":[],"_links":{"self":[{"href":"http:\/\/archiv.szolnoktv.hu\/index.php?rest_route=\/wp\/v2\/posts\/23459"}],"collection":[{"href":"http:\/\/archiv.szolnoktv.hu\/index.php?rest_route=\/wp\/v2\/posts"}],"about":[{"href":"http:\/\/archiv.szolnoktv.hu\/index.php?rest_route=\/wp\/v2\/types\/post"}],"author":[{"embeddable":true,"href":"http:\/\/archiv.szolnoktv.hu\/index.php?rest_route=\/wp\/v2\/users\/2"}],"replies":[{"embeddable":true,"href":"http:\/\/archiv.szolnoktv.hu\/index.php?rest_route=%2Fwp%2Fv2%2Fcomments&post=23459"}],"version-history":[{"count":1,"href":"http:\/\/archiv.szolnoktv.hu\/index.php?rest_route=\/wp\/v2\/posts\/23459\/revisions"}],"predecessor-version":[{"id":23552,"href":"http:\/\/archiv.szolnoktv.hu\/index.php?rest_route=\/wp\/v2\/posts\/23459\/revisions\/23552"}],"wp:attachment":[{"href":"http:\/\/archiv.szolnoktv.hu\/index.php?rest_route=%2Fwp%2Fv2%2Fmedia&parent=23459"}],"wp:term":[{"taxonomy":"category","embeddable":true,"href":"http:\/\/archiv.szolnoktv.hu\/index.php?rest_route=%2Fwp%2Fv2%2Fcategories&post=23459"},{"taxonomy":"post_tag","embeddable":true,"href":"http:\/\/archiv.szolnoktv.hu\/index.php?rest_route=%2Fwp%2Fv2%2Ftags&post=23459"}],"curies":[{"name":"wp","href":"https:\/\/api.w.org\/{rel}","templated":true}]}}