{"id":23457,"date":"2012-05-07T18:14:31","date_gmt":"2012-05-07T18:14:31","guid":{"rendered":"http:\/\/archiv.szolnoktv.hu\/?p=23457"},"modified":"2021-10-08T08:10:24","modified_gmt":"2021-10-08T08:10:24","slug":"megavers-4-3","status":"publish","type":"post","link":"http:\/\/archiv.szolnoktv.hu\/?p=23457","title":{"rendered":"MEGAVERS 4"},"content":{"rendered":"<div class='booster-block booster-read-block'><\/div><p>M\u00e9g m\u00e1jusban kider\u00fcl, ki lesz az \u00e9v legtehets\u00e9gesebb szaval\u00f3ja. Hamarosan elkezd\u0151dnek a MEGVERS 4 d\u00f6nt\u0151i. A felk\u00e9sz\u00fcl\u00e9st azonban be\u00e1rny\u00e9kolja a t\u00e9ny: a zs\u0171ritagok egyike m\u00e1r nem mondhatja el v\u00e9lem\u00e9ny\u00e9t a produkci\u00f3kr\u00f3l.<br \/>\nNegyedszer is felg\u00f6rd\u00fcl a f\u00fcgg\u00f6ny az Aba- Nov\u00e1k kultur\u00e1lis K\u00f6zpont sz\u00ednh\u00e1zterm\u00e9ben, hogy a legtehets\u00e9gesebb fiatal versel\u0151k sz\u00e1mot adjanak tud\u00e1sukr\u00f3l, tehets\u00e9g\u00fckr\u0151l. A MEGAVERS id\u00e9n- imm\u00e1r negyedik alkalommal sz\u00f3l\u00edtja meg a m\u0171faj m\u0171vel\u0151it, tisztel\u0151it. &#8222;A fiataloknak egy lehet\u0151s\u00e9g, hiszen a Megaszt\u00e1rra hajaz\u00f3 Megavers egy olyan \u00e9rt\u00e9kre mutatva vonja ba a szavaz\u00e1ssal a nagyon kultur\u00e1lt \u00e9rt\u00e9kk\u00f6zvet\u00edt\u0151 show elemekkel a fiatalokat ami az \u0151 koroszt\u00e1ly\u00e1t is megsz\u00f3l\u00edtja- nem csak a versmond\u00f3\u00e9t, hanem a n\u00e9z\u0151k\u00f6z\u00f6ns\u00e9g\u00e9t.&#8221;- mondta K\u00e1llai M\u00e1ria alpolg\u00e1rmester a mai sajt\u00f3t\u00e1j\u00e9koztat\u00f3n. A &#8222;MEGAVERS 4&#8221; v\u00e1logat\u00f3in 85 fiatal m\u00e9rettette meg mag\u00e1t. A sz\u00ednvonal megizzasztotta a zs\u0171ri tagjait. A k\u00f6z\u00e9pd\u00f6nt\u0151ket m\u00e1jus 9.- \u00e9n \u00e9s 17.- \u00e9n rendezik az Aba- Nov\u00e1k Kultur\u00e1lis K\u00f6zpontban. A d\u00f6nt\u0151 id\u0151pontja pedig m\u00e1jus 24.- e cs\u00fct\u00f6rt\u00f6k. A 22 tov\u00e1bbjut\u00f3 sz\u00e1m\u00edt a k\u00f6z\u00f6ns\u00e9g szavazataira, term\u00e9szetesen azonban a zs\u0171ri d\u00f6nt\u00e9se \u00e1ll\u00edtja majd fel a v\u00e9gs\u0151 sorrendet&#8230; a zs\u0171ri\u00e9, mely id\u00e9nt\u0151l n\u00e9lk\u00fcl\u00f6zni k\u00e9nytelen a verseny egyik meghat\u00e1roz\u00f3 alakj\u00e1nak sz\u00e1m\u00edt\u00f3 Valk\u00f3 Mih\u00e1lyt. A &#8222;Tan\u00e1r \u00far&#8221;- ahogy sokan ismerik m\u00e1r nem \u00e9rhette meg a k\u00f6z\u00e9pd\u00f6nt\u0151ket, \u00e1m nagyr\u00e9szt b\u00f6lcs m\u00e9rlegel\u00e9s\u00e9nek eredm\u00e9nye, hogy a d\u00f6nt\u0151be ker\u00fclt versmond\u00f3k val\u00f3ban a legjobbak. A &#8222;MEGAVERS 4&#8221; dobog\u00f3s helyezettjeinek m\u00e1r Kubik Anna Kossuth-d\u00edjas sz\u00ednm\u0171v\u00e9sz adja \u00e1t a j\u00f3l meg\u00e9rdemelt jutalmakat.<br \/>\n<div style=\"width: 640px;\" class=\"wp-video\"><!--[if lt IE 9]><script>document.createElement('video');<\/script><![endif]-->\n<video class=\"wp-video-shortcode\" id=\"video-23457-1\" width=\"640\" height=\"360\" preload=\"metadata\" controls=\"controls\"><source type=\"video\/mp4\" src=\"\/spots\/hir\/hir_120507_04.mp4?_=1\" \/><a href=\"\/spots\/hir\/hir_120507_04.mp4\">\/spots\/hir\/hir_120507_04.mp4<\/a><\/video><\/div><\/p>\n","protected":false},"excerpt":{"rendered":"<p>M\u00e9g m\u00e1jusban kider\u00fcl, ki lesz az \u00e9v legtehets\u00e9gesebb szaval\u00f3ja. Hamarosan elkezd\u0151dnek a MEGVERS 4 d\u00f6nt\u0151i. A felk\u00e9sz\u00fcl\u00e9st azonban be\u00e1rny\u00e9kolja a t\u00e9ny: a zs\u0171ritagok egyike m\u00e1r nem mondhatja el v\u00e9lem\u00e9ny\u00e9t a produkci\u00f3kr\u00f3l. Negyedszer is felg\u00f6rd\u00fcl a f\u00fcgg\u00f6ny az Aba- Nov\u00e1k kultur\u00e1lis K\u00f6zpont sz\u00ednh\u00e1zterm\u00e9ben, hogy a legtehets\u00e9gesebb fiatal versel\u0151k sz\u00e1mot adjanak tud\u00e1sukr\u00f3l, tehets\u00e9g\u00fckr\u0151l. A MEGAVERS id\u00e9n- imm\u00e1r [&hellip;]<\/p>\n","protected":false},"author":2,"featured_media":0,"comment_status":"open","ping_status":"open","sticky":false,"template":"","format":"standard","meta":[],"categories":[20],"tags":[],"_links":{"self":[{"href":"http:\/\/archiv.szolnoktv.hu\/index.php?rest_route=\/wp\/v2\/posts\/23457"}],"collection":[{"href":"http:\/\/archiv.szolnoktv.hu\/index.php?rest_route=\/wp\/v2\/posts"}],"about":[{"href":"http:\/\/archiv.szolnoktv.hu\/index.php?rest_route=\/wp\/v2\/types\/post"}],"author":[{"embeddable":true,"href":"http:\/\/archiv.szolnoktv.hu\/index.php?rest_route=\/wp\/v2\/users\/2"}],"replies":[{"embeddable":true,"href":"http:\/\/archiv.szolnoktv.hu\/index.php?rest_route=%2Fwp%2Fv2%2Fcomments&post=23457"}],"version-history":[{"count":1,"href":"http:\/\/archiv.szolnoktv.hu\/index.php?rest_route=\/wp\/v2\/posts\/23457\/revisions"}],"predecessor-version":[{"id":23554,"href":"http:\/\/archiv.szolnoktv.hu\/index.php?rest_route=\/wp\/v2\/posts\/23457\/revisions\/23554"}],"wp:attachment":[{"href":"http:\/\/archiv.szolnoktv.hu\/index.php?rest_route=%2Fwp%2Fv2%2Fmedia&parent=23457"}],"wp:term":[{"taxonomy":"category","embeddable":true,"href":"http:\/\/archiv.szolnoktv.hu\/index.php?rest_route=%2Fwp%2Fv2%2Fcategories&post=23457"},{"taxonomy":"post_tag","embeddable":true,"href":"http:\/\/archiv.szolnoktv.hu\/index.php?rest_route=%2Fwp%2Fv2%2Ftags&post=23457"}],"curies":[{"name":"wp","href":"https:\/\/api.w.org\/{rel}","templated":true}]}}