{"id":23456,"date":"2012-05-07T18:06:05","date_gmt":"2012-05-07T18:06:05","guid":{"rendered":"http:\/\/archiv.szolnoktv.hu\/?p=23456"},"modified":"2021-10-08T08:10:24","modified_gmt":"2021-10-08T08:10:24","slug":"udvozlet-japanbol","status":"publish","type":"post","link":"http:\/\/archiv.szolnoktv.hu\/?p=23456","title":{"rendered":"\u00dcdv\u00f6zlet Jap\u00e1nb\u00f3l"},"content":{"rendered":"<div class='booster-block booster-read-block'><\/div><p>A szigetorsz\u00e1g nagyk\u00f6vete ma t\u00f6bb szolnoki programon is r\u00e9szt vett. A diplomata m\u00e1r r\u00e9g\u00f3ta tervezte, hogy ell\u00e1togat a megyesz\u00e9khelyre.<br \/>\nK\u00edv\u00e1ncsi volt Szolnokra, de mindeddig nem jutott el a Tisza F\u0151v\u00e1ros\u00e1ba Ito Tetsuo. A jap\u00e1n nagyk\u00f6vetet \u00e9s feles\u00e9g\u00e9t a v\u00e1rosh\u00e1z\u00e1n fogadt\u00e1k. A Szolnokr\u00f3l k\u00e9sz\u00fclt film kapcs\u00e1n a diplomata elismer\u00e9ssel nyilatkozott. Mint mondta- virtu\u00e1lisan, az es\u0151s id\u0151 ellen\u00e9re is bej\u00e1rhatta \u00edgy a v\u00e1rost. Hasonl\u00f3 figyelmess\u00e9ggel eddig egyetlen telep\u00fcl\u00e9sen sem tal\u00e1lkozott. A l\u00e1togat\u00e1s aprop\u00f3j\u00e1t a Szolnok \u00e9s Yuza k\u00f6zt h\u00e1rom \u00e9vtizede f\u00f6nn\u00e1ll\u00f3 testv\u00e9rv\u00e1rosi kapcsolat adta. A nagyk\u00f6vet egy\u00e9bk\u00e9nt a Yuz\u00e1t is mag\u00e1ba foglal\u00f3 Yamagata Prefer\u00e1tusban sz\u00fcletett, \u00edgy k\u00fcl\u00f6n\u00f6sen meg\u00e9rintette a k\u00e9t v\u00e1ros kapcsolata. Nagyrabecs\u00fcl\u00e9s\u00e9t fejezte ki a szolnoki Jap\u00e1n- Magyar Bar\u00e1ti T\u00e1rsas\u00e1g munk\u00e1ja el\u0151tt is, de tudom\u00e1sa van a k\u00e9t orsz\u00e1g agr\u00e1rium\u00e1t \u00f6sszekapcsol\u00f3 egy\u00fcttm\u0171k\u00f6d\u00e9sr\u0151l is, mely a paprikatermeszt\u00e9s ter\u00e9n teljesedett ki, m\u00e9ghozz\u00e1 szolnoki k\u00f6zvet\u00edt\u00e9ssel. Ito Tetsuo a hungarikumnak sz\u00e1m\u00edt\u00f3- szint\u00e9n t\u00e9rs\u00e9g\u00fcnkben hagyom\u00e1nnyal b\u00edr\u00f3- mangalica exportj\u00e1ban is nagy j\u00f6v\u0151t l\u00e1t. A diplomata \u00e9s k\u00eds\u00e9rete este megtekinti a Szolnoki Szimfonikusok koncertj\u00e9t, melyet Izaki Maszahiro karnagy \u00e9s a szaxofonon j\u00e1tsz\u00f3 Kumoi Maszato tesz k\u00fcl\u00f6nlegess\u00e9 a vend\u00e9gek sz\u00e1m\u00e1ra.<br \/>\n<div style=\"width: 640px;\" class=\"wp-video\"><!--[if lt IE 9]><script>document.createElement('video');<\/script><![endif]-->\n<video class=\"wp-video-shortcode\" id=\"video-23456-1\" width=\"640\" height=\"360\" preload=\"metadata\" controls=\"controls\"><source type=\"video\/mp4\" src=\"\/spots\/hir\/hir_120507_03.mp4?_=1\" \/><a href=\"\/spots\/hir\/hir_120507_03.mp4\">\/spots\/hir\/hir_120507_03.mp4<\/a><\/video><\/div><\/p>\n","protected":false},"excerpt":{"rendered":"<p>A szigetorsz\u00e1g nagyk\u00f6vete ma t\u00f6bb szolnoki programon is r\u00e9szt vett. A diplomata m\u00e1r r\u00e9g\u00f3ta tervezte, hogy ell\u00e1togat a megyesz\u00e9khelyre. K\u00edv\u00e1ncsi volt Szolnokra, de mindeddig nem jutott el a Tisza F\u0151v\u00e1ros\u00e1ba Ito Tetsuo. A jap\u00e1n nagyk\u00f6vetet \u00e9s feles\u00e9g\u00e9t a v\u00e1rosh\u00e1z\u00e1n fogadt\u00e1k. A Szolnokr\u00f3l k\u00e9sz\u00fclt film kapcs\u00e1n a diplomata elismer\u00e9ssel nyilatkozott. Mint mondta- virtu\u00e1lisan, az es\u0151s id\u0151 [&hellip;]<\/p>\n","protected":false},"author":2,"featured_media":0,"comment_status":"open","ping_status":"open","sticky":false,"template":"","format":"standard","meta":[],"categories":[20],"tags":[],"_links":{"self":[{"href":"http:\/\/archiv.szolnoktv.hu\/index.php?rest_route=\/wp\/v2\/posts\/23456"}],"collection":[{"href":"http:\/\/archiv.szolnoktv.hu\/index.php?rest_route=\/wp\/v2\/posts"}],"about":[{"href":"http:\/\/archiv.szolnoktv.hu\/index.php?rest_route=\/wp\/v2\/types\/post"}],"author":[{"embeddable":true,"href":"http:\/\/archiv.szolnoktv.hu\/index.php?rest_route=\/wp\/v2\/users\/2"}],"replies":[{"embeddable":true,"href":"http:\/\/archiv.szolnoktv.hu\/index.php?rest_route=%2Fwp%2Fv2%2Fcomments&post=23456"}],"version-history":[{"count":1,"href":"http:\/\/archiv.szolnoktv.hu\/index.php?rest_route=\/wp\/v2\/posts\/23456\/revisions"}],"predecessor-version":[{"id":23555,"href":"http:\/\/archiv.szolnoktv.hu\/index.php?rest_route=\/wp\/v2\/posts\/23456\/revisions\/23555"}],"wp:attachment":[{"href":"http:\/\/archiv.szolnoktv.hu\/index.php?rest_route=%2Fwp%2Fv2%2Fmedia&parent=23456"}],"wp:term":[{"taxonomy":"category","embeddable":true,"href":"http:\/\/archiv.szolnoktv.hu\/index.php?rest_route=%2Fwp%2Fv2%2Fcategories&post=23456"},{"taxonomy":"post_tag","embeddable":true,"href":"http:\/\/archiv.szolnoktv.hu\/index.php?rest_route=%2Fwp%2Fv2%2Ftags&post=23456"}],"curies":[{"name":"wp","href":"https:\/\/api.w.org\/{rel}","templated":true}]}}