{"id":23455,"date":"2012-05-07T16:48:52","date_gmt":"2012-05-07T16:48:52","guid":{"rendered":"http:\/\/archiv.szolnoktv.hu\/?p=23455"},"modified":"2021-10-08T08:10:25","modified_gmt":"2021-10-08T08:10:25","slug":"varosi-ballagas-3","status":"publish","type":"post","link":"http:\/\/archiv.szolnoktv.hu\/?p=23455","title":{"rendered":"V\u00e1rosi ballag\u00e1s"},"content":{"rendered":"<div class='booster-block booster-read-block'><\/div><p>T\u00f6bb mint ezer di\u00e1k vett \u00fcnnep\u00e9lyes b\u00facs\u00fat szombaton iskol\u00e1j\u00e1t\u00f3l.<br \/>\nA Ruhaipari tagint\u00e9zm\u00e9nyben 7 oszt\u00e1ly b\u00facs\u00fazott az iskol\u00e1t\u00f3l. Ez volt az utols\u00f3 ballag\u00e1s az \u00c1chim Andr\u00e1s \u00fati \u00e9p\u00fcletb\u0151l , \u00edgy a tan\u00e1rok is b\u00facs\u00faztak. A pedag\u00f3gusok b\u00edznak abban, hogy a szab\u00f3, b\u0151rd\u00edszm\u0171ves, fodr\u00e1sz, kozmetikus, hentes \u00e9s p\u00e9k v\u00e9gz\u0151s\u00f6k hamarosan  a megye munkaer\u0151piac\u00e1t gazdag\u00edtj\u00e1k majd.A G\u00e9pipariban  3 oszt\u00e1ly ballagott. Itt m\u00e9g nem az \u00e9retts\u00e9gire koncentr\u00e1ltak a fiatalok. Az \u00f6sszetart\u00f3 k\u00f6z\u00f6ss\u00e9gek, a bar\u00e1ts\u00e1gok \u00e9letre sz\u00f3l\u00f3 eml\u00e9ket jelentenek. A K\u00f6zg\u00e9ben 6 oszt\u00e1ly b\u00facs\u00fazott az iskol\u00e1t\u00f3l. Az \u00fcnnepl\u00e9s \u00f3r\u00e1i m\u00e1r a h\u00e9tf\u0151i izgalmak jegy\u00e9ben teltek. A kereskedelmi iskol\u00e1b\u00f3l 7 oszt\u00e1ly ballagott.A v\u00e9gz\u0151s\u00f6k a hagyom\u00e1ny szerint v\u00e9gigs\u00e9t\u00e1ltak a Nagy Imre \u00fat \u00e9s az E\u00f6tv\u00f6s t\u00e9r k\u00f6z\u00f6tti szakaszon. Az \u00e9gnek eresztett lufik pedig tovat\u0171n\u0151  di\u00e1k\u00e9veiket jelk\u00e9pezt\u00e9k.<br \/>\n<div style=\"width: 640px;\" class=\"wp-video\"><!--[if lt IE 9]><script>document.createElement('video');<\/script><![endif]-->\n<video class=\"wp-video-shortcode\" id=\"video-23455-1\" width=\"640\" height=\"360\" preload=\"metadata\" controls=\"controls\"><source type=\"video\/mp4\" src=\"\/spots\/hir\/hir_120507_01.mp4?_=1\" \/><a href=\"\/spots\/hir\/hir_120507_01.mp4\">\/spots\/hir\/hir_120507_01.mp4<\/a><\/video><\/div><\/p>\n","protected":false},"excerpt":{"rendered":"<p>T\u00f6bb mint ezer di\u00e1k vett \u00fcnnep\u00e9lyes b\u00facs\u00fat szombaton iskol\u00e1j\u00e1t\u00f3l. A Ruhaipari tagint\u00e9zm\u00e9nyben 7 oszt\u00e1ly b\u00facs\u00fazott az iskol\u00e1t\u00f3l. Ez volt az utols\u00f3 ballag\u00e1s az \u00c1chim Andr\u00e1s \u00fati \u00e9p\u00fcletb\u0151l , \u00edgy a tan\u00e1rok is b\u00facs\u00faztak. A pedag\u00f3gusok b\u00edznak abban, hogy a szab\u00f3, b\u0151rd\u00edszm\u0171ves, fodr\u00e1sz, kozmetikus, hentes \u00e9s p\u00e9k v\u00e9gz\u0151s\u00f6k hamarosan a megye munkaer\u0151piac\u00e1t gazdag\u00edtj\u00e1k majd.A G\u00e9pipariban 3 [&hellip;]<\/p>\n","protected":false},"author":2,"featured_media":0,"comment_status":"open","ping_status":"open","sticky":false,"template":"","format":"standard","meta":[],"categories":[20],"tags":[],"_links":{"self":[{"href":"http:\/\/archiv.szolnoktv.hu\/index.php?rest_route=\/wp\/v2\/posts\/23455"}],"collection":[{"href":"http:\/\/archiv.szolnoktv.hu\/index.php?rest_route=\/wp\/v2\/posts"}],"about":[{"href":"http:\/\/archiv.szolnoktv.hu\/index.php?rest_route=\/wp\/v2\/types\/post"}],"author":[{"embeddable":true,"href":"http:\/\/archiv.szolnoktv.hu\/index.php?rest_route=\/wp\/v2\/users\/2"}],"replies":[{"embeddable":true,"href":"http:\/\/archiv.szolnoktv.hu\/index.php?rest_route=%2Fwp%2Fv2%2Fcomments&post=23455"}],"version-history":[{"count":1,"href":"http:\/\/archiv.szolnoktv.hu\/index.php?rest_route=\/wp\/v2\/posts\/23455\/revisions"}],"predecessor-version":[{"id":23556,"href":"http:\/\/archiv.szolnoktv.hu\/index.php?rest_route=\/wp\/v2\/posts\/23455\/revisions\/23556"}],"wp:attachment":[{"href":"http:\/\/archiv.szolnoktv.hu\/index.php?rest_route=%2Fwp%2Fv2%2Fmedia&parent=23455"}],"wp:term":[{"taxonomy":"category","embeddable":true,"href":"http:\/\/archiv.szolnoktv.hu\/index.php?rest_route=%2Fwp%2Fv2%2Fcategories&post=23455"},{"taxonomy":"post_tag","embeddable":true,"href":"http:\/\/archiv.szolnoktv.hu\/index.php?rest_route=%2Fwp%2Fv2%2Ftags&post=23455"}],"curies":[{"name":"wp","href":"https:\/\/api.w.org\/{rel}","templated":true}]}}