{"id":23454,"date":"2012-05-04T18:41:59","date_gmt":"2012-05-04T18:41:59","guid":{"rendered":"http:\/\/archiv.szolnoktv.hu\/?p=23454"},"modified":"2021-10-08T08:10:25","modified_gmt":"2021-10-08T08:10:25","slug":"kinyitott-a-tajhaz","status":"publish","type":"post","link":"http:\/\/archiv.szolnoktv.hu\/?p=23454","title":{"rendered":"Kinyitott a t\u00e1jh\u00e1z"},"content":{"rendered":"<div class='booster-block booster-read-block'><\/div><p>\u00c9vr\u0151l- \u00e9vre egyre t\u00f6bb l\u00e1togat\u00f3 k\u00edv\u00e1ncsi a Damjanich J\u00e1nos M\u00fazeum tab\u00e1ni ki\u00e1ll\u00edt\u00f3hely\u00e9re. A hal\u00e1szmester h\u00e1z\u00e1t \u00e9ppen 20 esztendeje nyitott\u00e1k meg a k\u00f6z\u00f6ns\u00e9g el\u0151tt.<br \/>\nA t\u00e9li \u00e1lom ut\u00e1n itt a tavaszi \u00e9bred\u00e9s. A modern csal\u00e1di h\u00e1zak k\u00f6z\u00e9 \u00e9kelt telk\u00e9n \u00e1ll\u00f3 h\u00e1zik\u00f3 a Tab\u00e1n egyik utols\u00f3 \u00e9p\u00edtett eml\u00e9ke. Az \u00e9p\u00fclet berendez\u00e9se 100 \u00e9vvel ezel\u0151ttre r\u00f6p\u00edti vissza a l\u00e1togat\u00f3t. &#8222;Egyre t\u00f6bben tudatosan keresik fel, teh\u00e1t nem csak \u00fagy, hogy h\u00e9tv\u00e9g\u00e9n \u00e9s nem akartunk messzebbre menni, hanem szervezett csoportok jelentkeznek be, hanem iskol\u00e1k. Siker\u00fclt T\u00c1MOP- os, TIOP-os p\u00e1ly\u00e1zatokba be\u00e9p\u00edten\u00fcnk, teh\u00e1t ezek k\u00fcl\u00f6nb\u00f6z\u0151 uni\u00f3s p\u00e9nzforr\u00e1sok lehet\u0151s\u00e9g\u00e9vel olyan szervezett foglalkoz\u00e1sokat tartunk ott amib\u0151l egy nagy csokorral 2012- ben is \u00e1tny\u00fajtunk a nagy\u00e9rdem\u0171nek.&#8221;- mondta el k\u00e9rd\u00e9s\u00fcnkre Dr. Horv\u00e1th L\u00e1szl\u00f3 m\u00fazeumigazgat\u00f3. Az \u00e9p\u00fclet id\u0151k\u00f6zben komfortosabb lett. Vizesblokkot alak\u00edtottak p\u00e9ld\u00e1ul ki, mindezt \u00fagy, hogy az \u0151si \u00e1llapotot nem bolygatt\u00e1k meg.A cs\u00fct\u00f6rt\u00f6ki nyit\u00e1st k\u00f6vet\u0151 els\u0151 h\u00e9tv\u00e9g\u00e9n, azaz m\u00e1jus 5.- \u00e9n szombaton Any\u00e1knapi k\u00e9zm\u0171vesh\u00e1zzal v\u00e1rj\u00e1k a gyerekeket. A m\u00fazeum honlapj\u00e1n \u00e9s a t\u00e1jh\u00e1z kapuj\u00e1n a teljes ny\u00e1ri programot megtal\u00e1lj\u00e1k az \u00e9rdekl\u0151d\u0151k. A hal\u00e1szmester h\u00e1za azonban minden \u00e9rdekl\u0151d\u0151 el\u0151tt nyitva \u00e1ll szeptember v\u00e9g\u00e9ig cs\u00fct\u00f6rt\u00f6kt\u0151l- vas\u00e1rnapig 13- t\u00f3l, 17 \u00f3r\u00e1ig. A csoportok bejelentkez\u00e9s\u00e9t talefonon v\u00e1rja a m\u00fazeum.<br \/>\n<div style=\"width: 640px;\" class=\"wp-video\"><!--[if lt IE 9]><script>document.createElement('video');<\/script><![endif]-->\n<video class=\"wp-video-shortcode\" id=\"video-23454-1\" width=\"640\" height=\"360\" preload=\"metadata\" controls=\"controls\"><source type=\"video\/mp4\" src=\"\/spots\/hir\/hir_120504_02.mp4?_=1\" \/><a href=\"\/spots\/hir\/hir_120504_02.mp4\">\/spots\/hir\/hir_120504_02.mp4<\/a><\/video><\/div><\/p>\n","protected":false},"excerpt":{"rendered":"<p>\u00c9vr\u0151l- \u00e9vre egyre t\u00f6bb l\u00e1togat\u00f3 k\u00edv\u00e1ncsi a Damjanich J\u00e1nos M\u00fazeum tab\u00e1ni ki\u00e1ll\u00edt\u00f3hely\u00e9re. A hal\u00e1szmester h\u00e1z\u00e1t \u00e9ppen 20 esztendeje nyitott\u00e1k meg a k\u00f6z\u00f6ns\u00e9g el\u0151tt. A t\u00e9li \u00e1lom ut\u00e1n itt a tavaszi \u00e9bred\u00e9s. A modern csal\u00e1di h\u00e1zak k\u00f6z\u00e9 \u00e9kelt telk\u00e9n \u00e1ll\u00f3 h\u00e1zik\u00f3 a Tab\u00e1n egyik utols\u00f3 \u00e9p\u00edtett eml\u00e9ke. Az \u00e9p\u00fclet berendez\u00e9se 100 \u00e9vvel ezel\u0151ttre r\u00f6p\u00edti vissza a [&hellip;]<\/p>\n","protected":false},"author":2,"featured_media":0,"comment_status":"open","ping_status":"open","sticky":false,"template":"","format":"standard","meta":[],"categories":[20],"tags":[],"_links":{"self":[{"href":"http:\/\/archiv.szolnoktv.hu\/index.php?rest_route=\/wp\/v2\/posts\/23454"}],"collection":[{"href":"http:\/\/archiv.szolnoktv.hu\/index.php?rest_route=\/wp\/v2\/posts"}],"about":[{"href":"http:\/\/archiv.szolnoktv.hu\/index.php?rest_route=\/wp\/v2\/types\/post"}],"author":[{"embeddable":true,"href":"http:\/\/archiv.szolnoktv.hu\/index.php?rest_route=\/wp\/v2\/users\/2"}],"replies":[{"embeddable":true,"href":"http:\/\/archiv.szolnoktv.hu\/index.php?rest_route=%2Fwp%2Fv2%2Fcomments&post=23454"}],"version-history":[{"count":1,"href":"http:\/\/archiv.szolnoktv.hu\/index.php?rest_route=\/wp\/v2\/posts\/23454\/revisions"}],"predecessor-version":[{"id":23557,"href":"http:\/\/archiv.szolnoktv.hu\/index.php?rest_route=\/wp\/v2\/posts\/23454\/revisions\/23557"}],"wp:attachment":[{"href":"http:\/\/archiv.szolnoktv.hu\/index.php?rest_route=%2Fwp%2Fv2%2Fmedia&parent=23454"}],"wp:term":[{"taxonomy":"category","embeddable":true,"href":"http:\/\/archiv.szolnoktv.hu\/index.php?rest_route=%2Fwp%2Fv2%2Fcategories&post=23454"},{"taxonomy":"post_tag","embeddable":true,"href":"http:\/\/archiv.szolnoktv.hu\/index.php?rest_route=%2Fwp%2Fv2%2Ftags&post=23454"}],"curies":[{"name":"wp","href":"https:\/\/api.w.org\/{rel}","templated":true}]}}