{"id":23453,"date":"2012-05-04T17:16:26","date_gmt":"2012-05-04T17:16:26","guid":{"rendered":"http:\/\/archiv.szolnoktv.hu\/?p=23453"},"modified":"2021-10-08T08:10:26","modified_gmt":"2021-10-08T08:10:26","slug":"szolnokon-jart-navracsics-tibor","status":"publish","type":"post","link":"http:\/\/archiv.szolnoktv.hu\/?p=23453","title":{"rendered":"Szolnokon j\u00e1rt Navracsics Tibor"},"content":{"rendered":"<div class='booster-block booster-read-block'><\/div><p>2014-re mindannyian \u00e9rezni fogjuk a k\u00f6zigazgat\u00e1s \u00e1tszervez\u00e9snek \u00e1ld\u00e1sos hat\u00e1s\u00e1t. &#8211; mondta mai szolnoki sajt\u00f3t\u00e1j\u00e9koztat\u00f3j\u00e1n Navracsics Tibor. A k\u00f6zigazgat\u00e1si \u00e9s igazs\u00e1g\u00fcgyi miniszter a Korm\u00e1nyhivatalt  \u00e9s a Korm\u00e1nyablakot l\u00e1togatta meg. A politikus szerint 2012 a konszolid\u00e1ci\u00f3 \u00e9s a felk\u00e9sz\u00fcl\u00e9s \u00e9ve, hiszen 2013 janu\u00e1rj\u00e1ban megkezdi m\u0171k\u00f6d\u00e9s\u00e9t a j\u00e1r\u00e1si rendszer, mely az \u00e1llami feladatok eloszt\u00e1s\u00e1t hivatott szolg\u00e1lni.<br \/>\nA megyei korm\u00e1nymegb\u00edzott \u00e9s Navracsics Tibor szem\u00e9lyesen \u00e9rdekl\u0151dtek az \u00fcgyfelek  el\u00e9gedetts\u00e9g\u00e9r\u0151l. A k\u00f6zigazgat\u00e1si \u00e9s igazs\u00e1g\u00fcgyi miniszter a Korm\u00e1nyablakot l\u00e1togatta meg abb\u00f3l a c\u00e9lb\u00f3l, hogy felm\u00e9rje, hogyan val\u00f3sult meg a k\u00f6zigazgat\u00e1s \u00e1tszervez\u00e9se megy\u00e9nkben. A miniszter maxim\u00e1lis el\u00e9gedetts\u00e9g\u00e9t fejezte ki \u00e9s ahogyan fogalmazott, csak k\u00f6sz\u00f6nettel tartozik a hat\u00e9kony munk\u00e1\u00e9rt. Az \u00e1talak\u00edt\u00e1s m\u00e9g nem \u00e9rt v\u00e9get, mondta Lengyel Gy\u00f6rgyi mai t\u00e1j\u00e9koztat\u00f3jukon. rn\u00c1prilis 15 -ig \u00e1tker\u00fclt a korm\u00e1nyhivatalba a szab\u00e1lys\u00e9rt\u00e9si hat\u00e1sk\u00f6r, megy\u00e9nkben 9 helyen, a leend\u0151 j\u00e1r\u00e1si sz\u00e9khelyeken v\u00e9geznek ezent\u00fal ilyen \u00fcgyint\u00e9z\u00e9st. A munkat\u00e1rsakat az \u00f6nkorm\u00e1nyzatokt\u00f3l vett\u00e9k \u00e1t. &#8222;Az ellenz\u00e9k a parlamentben folyamatosan riogatja a k\u00f6ztisztvisel\u0151ket, hogy a ter\u00fcleti k\u00f6zigazgat\u00e1s \u00e1tszervez\u00e9se, a j\u00e1r\u00e1sok kialak\u00edt\u00e1sa elbocs\u00e1jt\u00e1sokkal fog j\u00e1rni.  \u00c9s csak ott kerest\u00fcnk \u00faj munkat\u00e1rsat, ahol nem tudtuk \u00e1tvenni a munkat\u00e1rsakat.&#8221; &#8211; mondta Lengyel Gy\u00f6rgyi.\u00c1prilis v\u00e9g\u00e9ig t\u00f6bb mint 18 ezren kerest\u00e9k fel a korm\u00e1nyablakot, vagyis az emberek egyre ink\u00e1bb kezdik megkedvelni az integr\u00e1lt \u00fcgyf\u00e9lszolg\u00e1latot.rn2013 janu\u00e1rj\u00e1ban kezdi meg m\u0171k\u00f6d\u00e9s\u00e9t a j\u00e1r\u00e1si rendszer, ennek kialak\u00edt\u00e1s\u00e1val kapcsolatban m\u00e1r zajlik a helyek felm\u00e9r\u00e9se. A k\u00f6zigazgat\u00e1s \u00e1talak\u00edt\u00e1sa t\u00f6bb szempontb\u00f3l fontos  &#8211;  mondta a miniszter.&#8222;Az int\u00e9zm\u00e9nyek \u00e1tvil\u00e1g\u00edt\u00e1sa sor\u00e1n a vagyon felm\u00e9r\u00e9se sor\u00e1n \u00fagy kell elj\u00e1rniuk a korm\u00e1nyhivataloknak, hogy tiszta k\u00e9pet kapjunk arr\u00f3l 20 \u00e9v \u00f3ta el\u0151sz\u00f6r, hogy mi tartozik a nemzeti vagyon k\u00f6r\u00e9be, milyen \u00e9rt\u00e9ket k\u00e9pviselnek ezek az int\u00e9zm\u00e9nyek. Illetve a d\u00f6nt\u00e9st k\u00f6vet\u0151en , mely hat\u00f3s\u00e1gok, mely int\u00e9zm\u00e9nyek tarts\u00e1k f\u00f6nn a j\u00f6v\u0151ben  ezeket az int\u00e9zm\u00e9nyeket.&#8221;2012 a felk\u00e9sz\u00fcl\u00e9s \u00e9ve folytatta a politikus, aki szerint 2014-re m\u00e1r mindenki \u00e9rezni fogja az \u00e1tszervez\u00e9s \u00e1ld\u00e1sos hat\u00e1s\u00e1t. Ahogyan fogalmazott: a j\u00e1r\u00e1sok kialak\u00edt\u00e1s\u00e1n\u00e1l k\u00fcl\u00f6n\u00f6s \u00e9rz\u00e9kenys\u00e9ggel j\u00e1rnak majd el, mert nem szeretn\u00e9nek s\u00e9rt\u0151d\u00f6tt telep\u00fcl\u00e9seket.  Navracsics Tibor szolnoki programj\u00e1nak z\u00e1r\u00e1sak\u00e9nt st\u00fadi\u00f3nkba l\u00e1togatott.  &#8221;<br \/>\n<div style=\"width: 640px;\" class=\"wp-video\"><!--[if lt IE 9]><script>document.createElement('video');<\/script><![endif]-->\n<video class=\"wp-video-shortcode\" id=\"video-23453-1\" width=\"640\" height=\"360\" preload=\"metadata\" controls=\"controls\"><source type=\"video\/mp4\" src=\"\/spots\/hir\/hir_120504_04.mp4?_=1\" \/><a href=\"\/spots\/hir\/hir_120504_04.mp4\">\/spots\/hir\/hir_120504_04.mp4<\/a><\/video><\/div><\/p>\n","protected":false},"excerpt":{"rendered":"<p>2014-re mindannyian \u00e9rezni fogjuk a k\u00f6zigazgat\u00e1s \u00e1tszervez\u00e9snek \u00e1ld\u00e1sos hat\u00e1s\u00e1t. &#8211; mondta mai szolnoki sajt\u00f3t\u00e1j\u00e9koztat\u00f3j\u00e1n Navracsics Tibor. A k\u00f6zigazgat\u00e1si \u00e9s igazs\u00e1g\u00fcgyi miniszter a Korm\u00e1nyhivatalt \u00e9s a Korm\u00e1nyablakot l\u00e1togatta meg. A politikus szerint 2012 a konszolid\u00e1ci\u00f3 \u00e9s a felk\u00e9sz\u00fcl\u00e9s \u00e9ve, hiszen 2013 janu\u00e1rj\u00e1ban megkezdi m\u0171k\u00f6d\u00e9s\u00e9t a j\u00e1r\u00e1si rendszer, mely az \u00e1llami feladatok eloszt\u00e1s\u00e1t hivatott szolg\u00e1lni. A megyei [&hellip;]<\/p>\n","protected":false},"author":2,"featured_media":0,"comment_status":"open","ping_status":"open","sticky":false,"template":"","format":"standard","meta":[],"categories":[20],"tags":[],"_links":{"self":[{"href":"http:\/\/archiv.szolnoktv.hu\/index.php?rest_route=\/wp\/v2\/posts\/23453"}],"collection":[{"href":"http:\/\/archiv.szolnoktv.hu\/index.php?rest_route=\/wp\/v2\/posts"}],"about":[{"href":"http:\/\/archiv.szolnoktv.hu\/index.php?rest_route=\/wp\/v2\/types\/post"}],"author":[{"embeddable":true,"href":"http:\/\/archiv.szolnoktv.hu\/index.php?rest_route=\/wp\/v2\/users\/2"}],"replies":[{"embeddable":true,"href":"http:\/\/archiv.szolnoktv.hu\/index.php?rest_route=%2Fwp%2Fv2%2Fcomments&post=23453"}],"version-history":[{"count":1,"href":"http:\/\/archiv.szolnoktv.hu\/index.php?rest_route=\/wp\/v2\/posts\/23453\/revisions"}],"predecessor-version":[{"id":23558,"href":"http:\/\/archiv.szolnoktv.hu\/index.php?rest_route=\/wp\/v2\/posts\/23453\/revisions\/23558"}],"wp:attachment":[{"href":"http:\/\/archiv.szolnoktv.hu\/index.php?rest_route=%2Fwp%2Fv2%2Fmedia&parent=23453"}],"wp:term":[{"taxonomy":"category","embeddable":true,"href":"http:\/\/archiv.szolnoktv.hu\/index.php?rest_route=%2Fwp%2Fv2%2Fcategories&post=23453"},{"taxonomy":"post_tag","embeddable":true,"href":"http:\/\/archiv.szolnoktv.hu\/index.php?rest_route=%2Fwp%2Fv2%2Ftags&post=23453"}],"curies":[{"name":"wp","href":"https:\/\/api.w.org\/{rel}","templated":true}]}}