{"id":23452,"date":"2012-05-04T16:49:06","date_gmt":"2012-05-04T16:49:06","guid":{"rendered":"http:\/\/archiv.szolnoktv.hu\/?p=23452"},"modified":"2021-10-08T08:10:26","modified_gmt":"2021-10-08T08:10:26","slug":"budapesti-diakok-a-megaversben","status":"publish","type":"post","link":"http:\/\/archiv.szolnoktv.hu\/?p=23452","title":{"rendered":"Budapesti di\u00e1kok a Megaversben"},"content":{"rendered":"<div class='booster-block booster-read-block'><\/div><p>Lez\u00e1rultak a Megavers 4. el\u0151d\u00f6nt\u0151i. A Szolnokon megtartott h\u00e1rom v\u00e1logat\u00f3 ut\u00e1n a sort cs\u00fct\u00f6rt\u00f6k\u00f6n a budapesti fordul\u00f3 z\u00e1rta, ahol t\u00edz tehets\u00e9ges szaval\u00f3 k\u00f6z\u00fcl v\u00e1lasztotta ki a zs\u0171ri a legjobbakat.<br \/>\n\u00c1tl\u00e9pte a megye hat\u00e1rait a Megavers. A Szolnok Telev\u00edzi\u00f3 \u00e9s az Aba-Nov\u00e1k Kultur\u00e1lis K\u00f6zpont tehets\u00e9gkutat\u00f3 verseny\u00e9re id\u00e9n az orsz\u00e1g egyik legh\u00edresebb k\u00f6z\u00e9piskol\u00e1j\u00e1b\u00f3l, a budapesti V\u00f6r\u00f6smarty Mih\u00e1ly Gimn\u00e1ziumb\u00f3l is jelentkeztek di\u00e1kok. A nagy m\u00falt\u00fa int\u00e9zm\u00e9nyb\u0151l sok neves sz\u00edn\u00e9sz kiker\u00fclt, a Megaversre jelentkez\u0151 tanul\u00f3k t\u00f6bbs\u00e9ge szint\u00e9n erre a p\u00e1ly\u00e1ra k\u00e9sz\u00fcl. A zs\u0171ri tagjainak ez\u00e9rt nem volt k\u00f6nny\u0171 dolga, felk\u00e9sz\u00fclt, tehets\u00e9ges szaval\u00f3k sz\u00ednvonalas produkci\u00f3i k\u00f6z\u00fcl kellett kiv\u00e1lasztaniuk a legjobbakat. A n\u00e9gy el\u0151v\u00e1logat\u00f3 t\u00f6bb mint 80 r\u00e9sztvev\u0151je k\u00f6z\u00fcl a zs\u0171ri p\u00e9nteken kiv\u00e1lasztotta a h\u00fasz szaval\u00f3t, akik tov\u00e1bbjutottak a k\u00f6z\u00e9pd\u00f6nt\u0151be, melynek els\u0151 fordul\u00f3ja szerd\u00e1n d\u00e9lut\u00e1n h\u00e1rom \u00f3rakor lesz az Aba-Nov\u00e1k Kultur\u00e1lis K\u00f6zpontban.<br \/>\n<div style=\"width: 640px;\" class=\"wp-video\"><!--[if lt IE 9]><script>document.createElement('video');<\/script><![endif]-->\n<video class=\"wp-video-shortcode\" id=\"video-23452-1\" width=\"640\" height=\"360\" preload=\"metadata\" controls=\"controls\"><source type=\"video\/mp4\" src=\"\/spots\/hir\/hir_120504_01.mp4?_=1\" \/><a href=\"\/spots\/hir\/hir_120504_01.mp4\">\/spots\/hir\/hir_120504_01.mp4<\/a><\/video><\/div><\/p>\n","protected":false},"excerpt":{"rendered":"<p>Lez\u00e1rultak a Megavers 4. el\u0151d\u00f6nt\u0151i. A Szolnokon megtartott h\u00e1rom v\u00e1logat\u00f3 ut\u00e1n a sort cs\u00fct\u00f6rt\u00f6k\u00f6n a budapesti fordul\u00f3 z\u00e1rta, ahol t\u00edz tehets\u00e9ges szaval\u00f3 k\u00f6z\u00fcl v\u00e1lasztotta ki a zs\u0171ri a legjobbakat. \u00c1tl\u00e9pte a megye hat\u00e1rait a Megavers. A Szolnok Telev\u00edzi\u00f3 \u00e9s az Aba-Nov\u00e1k Kultur\u00e1lis K\u00f6zpont tehets\u00e9gkutat\u00f3 verseny\u00e9re id\u00e9n az orsz\u00e1g egyik legh\u00edresebb k\u00f6z\u00e9piskol\u00e1j\u00e1b\u00f3l, a budapesti V\u00f6r\u00f6smarty Mih\u00e1ly [&hellip;]<\/p>\n","protected":false},"author":2,"featured_media":0,"comment_status":"open","ping_status":"open","sticky":false,"template":"","format":"standard","meta":[],"categories":[20],"tags":[],"_links":{"self":[{"href":"http:\/\/archiv.szolnoktv.hu\/index.php?rest_route=\/wp\/v2\/posts\/23452"}],"collection":[{"href":"http:\/\/archiv.szolnoktv.hu\/index.php?rest_route=\/wp\/v2\/posts"}],"about":[{"href":"http:\/\/archiv.szolnoktv.hu\/index.php?rest_route=\/wp\/v2\/types\/post"}],"author":[{"embeddable":true,"href":"http:\/\/archiv.szolnoktv.hu\/index.php?rest_route=\/wp\/v2\/users\/2"}],"replies":[{"embeddable":true,"href":"http:\/\/archiv.szolnoktv.hu\/index.php?rest_route=%2Fwp%2Fv2%2Fcomments&post=23452"}],"version-history":[{"count":1,"href":"http:\/\/archiv.szolnoktv.hu\/index.php?rest_route=\/wp\/v2\/posts\/23452\/revisions"}],"predecessor-version":[{"id":23559,"href":"http:\/\/archiv.szolnoktv.hu\/index.php?rest_route=\/wp\/v2\/posts\/23452\/revisions\/23559"}],"wp:attachment":[{"href":"http:\/\/archiv.szolnoktv.hu\/index.php?rest_route=%2Fwp%2Fv2%2Fmedia&parent=23452"}],"wp:term":[{"taxonomy":"category","embeddable":true,"href":"http:\/\/archiv.szolnoktv.hu\/index.php?rest_route=%2Fwp%2Fv2%2Fcategories&post=23452"},{"taxonomy":"post_tag","embeddable":true,"href":"http:\/\/archiv.szolnoktv.hu\/index.php?rest_route=%2Fwp%2Fv2%2Ftags&post=23452"}],"curies":[{"name":"wp","href":"https:\/\/api.w.org\/{rel}","templated":true}]}}