{"id":23451,"date":"2012-05-04T16:41:55","date_gmt":"2012-05-04T16:41:55","guid":{"rendered":"http:\/\/archiv.szolnoktv.hu\/?p=23451"},"modified":"2021-10-08T08:10:26","modified_gmt":"2021-10-08T08:10:26","slug":"ujabb-elismeres-szolnoknak","status":"publish","type":"post","link":"http:\/\/archiv.szolnoktv.hu\/?p=23451","title":{"rendered":"\u00dajabb elismer\u00e9s Szolnoknak"},"content":{"rendered":"<div class='booster-block booster-read-block'><\/div><p>K\u00f6zt\u00e9rmeg\u00faj\u00edt\u00e1si n\u00edv\u00f3d\u00edjat kapott a napokban a v\u00e1ros a Tiszai Haj\u00f3sok tere \u00e1talak\u00edt\u00e1s\u00e1\u00e9rt, \u00e1t\u00e9p\u00edt\u00e9s\u00e9\u00e9rt. A rangos szakmai elismer\u00e9st Sz\u00e1zhalombatt\u00e1n, a Hild J\u00e1nos konferencia kertet\u00e9ben adt\u00e1k \u00e1t.<br \/>\nA Szap\u00e1ry \u00fat folytat\u00e1s\u00e1ban kialakult k\u00f6zter\u00fclet mostani form\u00e1j\u00e1t a Tiszavir\u00e1g gyalogos \u00e9s ker\u00e9kp\u00e1ros h\u00edd meg\u00e9p\u00edt\u00e9s\u00e9t k\u00f6vet\u0151en nyerte el. Ezt a munk\u00e1t ismerte el a Magyar Urbanisztikai T\u00e1rsas\u00e1g, illetve az ICOMOS, azaz m\u0171eml\u00e9kv\u00e9delmi vil\u00e1gszervezet magyar nemzeti bizotts\u00e1ga szak\u00e9rt\u0151ib\u0151l \u00e1ll\u00f3 zs\u0171ri. Pataki Ferenc \u00f6nkorm\u00e1nyzati f\u0151\u00e9p\u00edt\u00e9sz elmondta, hogy &#8222;az anyaghaszn\u00e1latot, a formakezel\u00e9st, illetve a funkcion\u00e1lis megold\u00e1sokat egyar\u00e1nt kiv\u00e1l\u00f3nak tartotta a neves szakemeberekb\u0151l \u00e1ll\u00f3 zs\u0171ri. Ugyanakkor a funkcionalit\u00e1son t\u00fal \u00e9rt\u00e9kelte azt is, hogy val\u00f3j\u00e1ban egy olyan \u00faj t\u00e9r j\u00f6tt \u00f6ssze, amely \u00f6sszv\u00e1rosi szinten is a v\u00e1ros arculat\u00e1t d\u00f6nt\u0151en befoly\u00e1solja.&#8221; A k\u00f6zt\u00e9rmeg\u00faj\u00edt\u00e1si n\u00edv\u00f3d\u00edjat \u00e9vente egy alkalommal \u00edt\u00e9lik oda, id\u00e9n kilenc p\u00e1lyam\u0171b\u0151l bizonyult a legjobbnak a szolnoki. &#8222;Ez az elismer\u00e9s ez ak\u00e1r a hat\u00e1rokon t\u00falmutat\u00f3an is egy olyan megbecs\u00fcl\u00e9s, amelyet kevesen tudhatnak maguk\u00e9nak&#8221; &#8211; tette hozz\u00e1 a f\u0151\u00e9p\u00edt\u00e9sz. A siker egyben azt is jelenti, hogy j\u00f6v\u0151re Szolnok rendezheti az els\u0151 ismert magyar v\u00e1rostervez\u0151r\u0151l, Hild J\u00e1nosr\u00f3l elnevezett szakmai v\u00e1ndorkonferenci\u00e1t.<br \/>\n<div style=\"width: 640px;\" class=\"wp-video\"><!--[if lt IE 9]><script>document.createElement('video');<\/script><![endif]-->\n<video class=\"wp-video-shortcode\" id=\"video-23451-1\" width=\"640\" height=\"360\" preload=\"metadata\" controls=\"controls\"><source type=\"video\/mp4\" src=\"\/spots\/hir\/hir_120504_03.mp4?_=1\" \/><a href=\"\/spots\/hir\/hir_120504_03.mp4\">\/spots\/hir\/hir_120504_03.mp4<\/a><\/video><\/div><\/p>\n","protected":false},"excerpt":{"rendered":"<p>K\u00f6zt\u00e9rmeg\u00faj\u00edt\u00e1si n\u00edv\u00f3d\u00edjat kapott a napokban a v\u00e1ros a Tiszai Haj\u00f3sok tere \u00e1talak\u00edt\u00e1s\u00e1\u00e9rt, \u00e1t\u00e9p\u00edt\u00e9s\u00e9\u00e9rt. A rangos szakmai elismer\u00e9st Sz\u00e1zhalombatt\u00e1n, a Hild J\u00e1nos konferencia kertet\u00e9ben adt\u00e1k \u00e1t. A Szap\u00e1ry \u00fat folytat\u00e1s\u00e1ban kialakult k\u00f6zter\u00fclet mostani form\u00e1j\u00e1t a Tiszavir\u00e1g gyalogos \u00e9s ker\u00e9kp\u00e1ros h\u00edd meg\u00e9p\u00edt\u00e9s\u00e9t k\u00f6vet\u0151en nyerte el. Ezt a munk\u00e1t ismerte el a Magyar Urbanisztikai T\u00e1rsas\u00e1g, illetve az ICOMOS, [&hellip;]<\/p>\n","protected":false},"author":2,"featured_media":0,"comment_status":"open","ping_status":"open","sticky":false,"template":"","format":"standard","meta":[],"categories":[20],"tags":[],"_links":{"self":[{"href":"http:\/\/archiv.szolnoktv.hu\/index.php?rest_route=\/wp\/v2\/posts\/23451"}],"collection":[{"href":"http:\/\/archiv.szolnoktv.hu\/index.php?rest_route=\/wp\/v2\/posts"}],"about":[{"href":"http:\/\/archiv.szolnoktv.hu\/index.php?rest_route=\/wp\/v2\/types\/post"}],"author":[{"embeddable":true,"href":"http:\/\/archiv.szolnoktv.hu\/index.php?rest_route=\/wp\/v2\/users\/2"}],"replies":[{"embeddable":true,"href":"http:\/\/archiv.szolnoktv.hu\/index.php?rest_route=%2Fwp%2Fv2%2Fcomments&post=23451"}],"version-history":[{"count":1,"href":"http:\/\/archiv.szolnoktv.hu\/index.php?rest_route=\/wp\/v2\/posts\/23451\/revisions"}],"predecessor-version":[{"id":23560,"href":"http:\/\/archiv.szolnoktv.hu\/index.php?rest_route=\/wp\/v2\/posts\/23451\/revisions\/23560"}],"wp:attachment":[{"href":"http:\/\/archiv.szolnoktv.hu\/index.php?rest_route=%2Fwp%2Fv2%2Fmedia&parent=23451"}],"wp:term":[{"taxonomy":"category","embeddable":true,"href":"http:\/\/archiv.szolnoktv.hu\/index.php?rest_route=%2Fwp%2Fv2%2Fcategories&post=23451"},{"taxonomy":"post_tag","embeddable":true,"href":"http:\/\/archiv.szolnoktv.hu\/index.php?rest_route=%2Fwp%2Fv2%2Ftags&post=23451"}],"curies":[{"name":"wp","href":"https:\/\/api.w.org\/{rel}","templated":true}]}}