{"id":23450,"date":"2012-05-03T18:44:35","date_gmt":"2012-05-03T18:44:35","guid":{"rendered":"http:\/\/archiv.szolnoktv.hu\/?p=23450"},"modified":"2021-10-08T08:10:27","modified_gmt":"2021-10-08T08:10:27","slug":"vegzosok-parkja","status":"publish","type":"post","link":"http:\/\/archiv.szolnoktv.hu\/?p=23450","title":{"rendered":"V\u00e9gz\u0151s\u00f6k Parkja"},"content":{"rendered":"<div class='booster-block booster-read-block'><\/div><p>El\u00fcltett\u00e9k az els\u0151 f\u00e1t a v\u00e9gz\u0151s di\u00e1kok parkj\u00e1ban, amit a di\u00e1kk\u00f6zgy\u0171l\u00e9sen megszavazt\u00e1k, a v\u00e1ros pedig seg\u00edtett a l\u00e9trehozni. Ma egy 5 \u00e9ves piros vir\u00e1g\u00fa galagonya kapott helyet a volt Damjanich uszoda el\u0151tti ter\u00fclten.<br \/>\n&#8222;Minden \u00e9vben egy \u00e9vfolyam nev\u00e9ben \u00fcltet\u00fcnk el egy f\u00e1t, \u00edgy id\u0151vel sz\u00e9p kis erd\u0151 alakulhat ki a mi f\u00e1inkb\u00f3l.&#8221; Mondja K\u00e1sa Bettina, aki a V\u00e1rosi Di\u00e1k Tan\u00e1cs eln\u00f6kek\u00e9nt sokat tette a v\u00e9gz\u0151s di\u00e1kok parkj\u00e1\u00e9rt. Hagyom\u00e1nyteremt\u0151 sz\u00e1nd\u00e9kkal \u00fcltett\u00e9k ma ezt az 5 esztend\u0151s piros vir\u00e1g\u00fa galagony\u00e1t, ami nagyj\u00e1b\u00f3l 12 \u00e9v m\u00falva a 8 m\u00e9teres magass\u00e1got is el\u00e9rheti. Minden szolnoki k\u00f6z\u00e9piskol\u00e1t egy di\u00e1k k\u00e9pviselt. A di\u00e1kok rengeteget tesznek a v\u00e1ros\u00e9rt, emelte ki Szalay Ferenc polg\u00e1rmester. Azont\u00fal, hogy m\u00e1r t\u00f6bb parkot is \u00f6r\u00f6kbe fogadtak valamint l\u00e9trehozt\u00e1k a lakatfalat, t\u00f6bb a megyesz\u00e9khelyt szebb\u00e9 var\u00e1zsol\u00f3 \u00f6tletet is megval\u00f3s\u00edtottak. A fa\u00fcltet\u00e9s ut\u00e1n a Tisza haj\u00f3sok ter\u00e9n gy\u00fclekeztek a v\u00e9gz\u0151s\u00f6k. K\u00e1sa Bettina \u00fcnnepi k\u00f6sz\u00f6nt\u0151je ut\u00e1n Szalay Ferenc k\u00edv\u00e1nt nekik sok sikert az \u00e9retts\u00e9gihez, majd hozz\u00e1tette: a tanulm\u00e1nyok befejez\u00e9se ut\u00e1n Szolnok visszav\u00e1rja \u0151ket. Ezek ut\u00e1n minden di\u00e1k kapott egy a v\u00e1ros c\u00edmer\u00e9vel ell\u00e1tott kit\u0171z\u0151t, majd t\u00f6bb sz\u00e1z lufit engedtek sz\u00e9lnek, ezzel is jelk\u00e9pezv\u00e9n az m\u00fal\u00f3 k\u00f6z\u00e9piskol\u00e1s \u00e9veket. A j\u00f3kedv sem maradhatott ki, breakt\u00e1nc bemutat\u00f3 l\u00e1thattak, majd a Showder Klub ismert humorist\u00e1ja Domb\u00f3v\u00e1ri Istv\u00e1n sz\u00f3rakoztatta \u0151ket.<br \/>\n<div style=\"width: 640px;\" class=\"wp-video\"><!--[if lt IE 9]><script>document.createElement('video');<\/script><![endif]-->\n<video class=\"wp-video-shortcode\" id=\"video-23450-1\" width=\"640\" height=\"360\" preload=\"metadata\" controls=\"controls\"><source type=\"video\/mp4\" src=\"\/spots\/hir\/hir_120503_02.mp4?_=1\" \/><a href=\"\/spots\/hir\/hir_120503_02.mp4\">\/spots\/hir\/hir_120503_02.mp4<\/a><\/video><\/div><\/p>\n","protected":false},"excerpt":{"rendered":"<p>El\u00fcltett\u00e9k az els\u0151 f\u00e1t a v\u00e9gz\u0151s di\u00e1kok parkj\u00e1ban, amit a di\u00e1kk\u00f6zgy\u0171l\u00e9sen megszavazt\u00e1k, a v\u00e1ros pedig seg\u00edtett a l\u00e9trehozni. Ma egy 5 \u00e9ves piros vir\u00e1g\u00fa galagonya kapott helyet a volt Damjanich uszoda el\u0151tti ter\u00fclten. &#8222;Minden \u00e9vben egy \u00e9vfolyam nev\u00e9ben \u00fcltet\u00fcnk el egy f\u00e1t, \u00edgy id\u0151vel sz\u00e9p kis erd\u0151 alakulhat ki a mi f\u00e1inkb\u00f3l.&#8221; Mondja K\u00e1sa Bettina, [&hellip;]<\/p>\n","protected":false},"author":2,"featured_media":0,"comment_status":"open","ping_status":"open","sticky":false,"template":"","format":"standard","meta":[],"categories":[20],"tags":[],"_links":{"self":[{"href":"http:\/\/archiv.szolnoktv.hu\/index.php?rest_route=\/wp\/v2\/posts\/23450"}],"collection":[{"href":"http:\/\/archiv.szolnoktv.hu\/index.php?rest_route=\/wp\/v2\/posts"}],"about":[{"href":"http:\/\/archiv.szolnoktv.hu\/index.php?rest_route=\/wp\/v2\/types\/post"}],"author":[{"embeddable":true,"href":"http:\/\/archiv.szolnoktv.hu\/index.php?rest_route=\/wp\/v2\/users\/2"}],"replies":[{"embeddable":true,"href":"http:\/\/archiv.szolnoktv.hu\/index.php?rest_route=%2Fwp%2Fv2%2Fcomments&post=23450"}],"version-history":[{"count":1,"href":"http:\/\/archiv.szolnoktv.hu\/index.php?rest_route=\/wp\/v2\/posts\/23450\/revisions"}],"predecessor-version":[{"id":23561,"href":"http:\/\/archiv.szolnoktv.hu\/index.php?rest_route=\/wp\/v2\/posts\/23450\/revisions\/23561"}],"wp:attachment":[{"href":"http:\/\/archiv.szolnoktv.hu\/index.php?rest_route=%2Fwp%2Fv2%2Fmedia&parent=23450"}],"wp:term":[{"taxonomy":"category","embeddable":true,"href":"http:\/\/archiv.szolnoktv.hu\/index.php?rest_route=%2Fwp%2Fv2%2Fcategories&post=23450"},{"taxonomy":"post_tag","embeddable":true,"href":"http:\/\/archiv.szolnoktv.hu\/index.php?rest_route=%2Fwp%2Fv2%2Ftags&post=23450"}],"curies":[{"name":"wp","href":"https:\/\/api.w.org\/{rel}","templated":true}]}}