{"id":23449,"date":"2012-05-03T18:29:46","date_gmt":"2012-05-03T18:29:46","guid":{"rendered":"http:\/\/archiv.szolnoktv.hu\/?p=23449"},"modified":"2021-10-08T08:10:28","modified_gmt":"2021-10-08T08:10:28","slug":"biztositottak-a-gyakorlohelyek","status":"publish","type":"post","link":"http:\/\/archiv.szolnoktv.hu\/?p=23449","title":{"rendered":"Biztos\u00edtottak a gyakorl\u00f3helyek"},"content":{"rendered":"<div class='booster-block booster-read-block'><\/div><p>Aki bev\u00e1lik, maradhat. \u00cdgy v\u00e9lekedik a Szolnoki F\u0151iskol\u00e1val szerz\u0151d\u00e9sben \u00e1ll\u00f3 c\u00e9gek t\u00f6bbs\u00e9ge, melyek v\u00e1llalj\u00e1k, hogy gyakorlati helyet biztos\u00edtanak a hallgat\u00f3knak. A partnerek ma al\u00e1\u00edr\u00e1ssal is szentes\u00edtett\u00e9k az egy\u00fcttm\u0171k\u00f6d\u00e9st.<br \/>\nJ\u00f3 nev\u0171 c\u00e9gek garant\u00e1lj\u00e1k, hogy a Szolnoki F\u0151iskola hallgat\u00f3i megfelel\u0151 gyakorlati helyeken saj\u00e1t\u00edts\u00e1k el a v\u00e9gzetts\u00e9g\u00fckh\u00f6z sz\u00fcks\u00e9ges tud\u00e1st. Az int\u00e9zm\u00e9ny t\u00f6bb tucat partnere k\u00f6z\u00fcl 8 kiemelt c\u00e9g van, melyekkel ma pap\u00edron is szentes\u00edtett\u00e9k a k\u00f6z\u00f6s munk\u00e1lkod\u00e1st. Az un. &#8222;b\u00e1zis gyakorl\u00f3helyek&#8221; k\u00f6zt akad a termel\u0151 \u00fczemeken k\u00edv\u00fcl sz\u00e1ll\u00edtm\u00e1nyoz\u00e1si c\u00e9g, wellness sz\u00e1lloda, biztos\u00edt\u00f3 t\u00e1rsas\u00e1g \u00e9s ipari park is. A jelenleg \u00e9rv\u00e9nyes szab\u00e1lyoz\u00e1s szerint a gyakorlati helyeknek nem kell munkab\u00e9rt biztos\u00edtani a hallgat\u00f3knak, \u00e1m ahol tehetik- \u00edgy is motiv\u00e1lj\u00e1k a di\u00e1kokat. \u00cdgy van ez p\u00e9ld\u00e1ul a Claass Hung\u00e1ria Kft.- n\u00e9l, ahol ak\u00e1r \u00e9letre sz\u00f3l\u00f3 karriert is befuthatnak a hallgat\u00f3k. A f\u0151iskola p\u00e1ly\u00e1zaton nyert p\u00e9nzt ford\u00edthatott a munkaer\u0151-piaci felm\u00e9r\u00e9sekre, egy\u00fattal arra k\u00f6telezte mag\u00e1t, hogy minimum 5 \u00e9ven \u00e1t fenntartja a partners\u00e9get a gyakorlati helyet biztos\u00edt\u00f3 c\u00e9gekkel.<br \/>\n<div style=\"width: 640px;\" class=\"wp-video\"><!--[if lt IE 9]><script>document.createElement('video');<\/script><![endif]-->\n<video class=\"wp-video-shortcode\" id=\"video-23449-1\" width=\"640\" height=\"360\" preload=\"metadata\" controls=\"controls\"><source type=\"video\/mp4\" src=\"\/spots\/hir\/hir_120503_03.mp4?_=1\" \/><a href=\"\/spots\/hir\/hir_120503_03.mp4\">\/spots\/hir\/hir_120503_03.mp4<\/a><\/video><\/div><\/p>\n","protected":false},"excerpt":{"rendered":"<p>Aki bev\u00e1lik, maradhat. \u00cdgy v\u00e9lekedik a Szolnoki F\u0151iskol\u00e1val szerz\u0151d\u00e9sben \u00e1ll\u00f3 c\u00e9gek t\u00f6bbs\u00e9ge, melyek v\u00e1llalj\u00e1k, hogy gyakorlati helyet biztos\u00edtanak a hallgat\u00f3knak. A partnerek ma al\u00e1\u00edr\u00e1ssal is szentes\u00edtett\u00e9k az egy\u00fcttm\u0171k\u00f6d\u00e9st. J\u00f3 nev\u0171 c\u00e9gek garant\u00e1lj\u00e1k, hogy a Szolnoki F\u0151iskola hallgat\u00f3i megfelel\u0151 gyakorlati helyeken saj\u00e1t\u00edts\u00e1k el a v\u00e9gzetts\u00e9g\u00fckh\u00f6z sz\u00fcks\u00e9ges tud\u00e1st. Az int\u00e9zm\u00e9ny t\u00f6bb tucat partnere k\u00f6z\u00fcl 8 kiemelt c\u00e9g [&hellip;]<\/p>\n","protected":false},"author":2,"featured_media":0,"comment_status":"open","ping_status":"open","sticky":false,"template":"","format":"standard","meta":[],"categories":[20],"tags":[],"_links":{"self":[{"href":"http:\/\/archiv.szolnoktv.hu\/index.php?rest_route=\/wp\/v2\/posts\/23449"}],"collection":[{"href":"http:\/\/archiv.szolnoktv.hu\/index.php?rest_route=\/wp\/v2\/posts"}],"about":[{"href":"http:\/\/archiv.szolnoktv.hu\/index.php?rest_route=\/wp\/v2\/types\/post"}],"author":[{"embeddable":true,"href":"http:\/\/archiv.szolnoktv.hu\/index.php?rest_route=\/wp\/v2\/users\/2"}],"replies":[{"embeddable":true,"href":"http:\/\/archiv.szolnoktv.hu\/index.php?rest_route=%2Fwp%2Fv2%2Fcomments&post=23449"}],"version-history":[{"count":1,"href":"http:\/\/archiv.szolnoktv.hu\/index.php?rest_route=\/wp\/v2\/posts\/23449\/revisions"}],"predecessor-version":[{"id":23562,"href":"http:\/\/archiv.szolnoktv.hu\/index.php?rest_route=\/wp\/v2\/posts\/23449\/revisions\/23562"}],"wp:attachment":[{"href":"http:\/\/archiv.szolnoktv.hu\/index.php?rest_route=%2Fwp%2Fv2%2Fmedia&parent=23449"}],"wp:term":[{"taxonomy":"category","embeddable":true,"href":"http:\/\/archiv.szolnoktv.hu\/index.php?rest_route=%2Fwp%2Fv2%2Fcategories&post=23449"},{"taxonomy":"post_tag","embeddable":true,"href":"http:\/\/archiv.szolnoktv.hu\/index.php?rest_route=%2Fwp%2Fv2%2Ftags&post=23449"}],"curies":[{"name":"wp","href":"https:\/\/api.w.org\/{rel}","templated":true}]}}