{"id":23448,"date":"2012-05-03T18:26:08","date_gmt":"2012-05-03T18:26:08","guid":{"rendered":"http:\/\/archiv.szolnoktv.hu\/?p=23448"},"modified":"2021-10-08T08:10:28","modified_gmt":"2021-10-08T08:10:28","slug":"nyolc-csalad-maradhat-aram-nelkul-ormenyesen","status":"publish","type":"post","link":"http:\/\/archiv.szolnoktv.hu\/?p=23448","title":{"rendered":"Nyolc csal\u00e1d maradhat \u00e1ram n\u00e9lk\u00fcl \u00d6rm\u00e9nyesen"},"content":{"rendered":"<div class='booster-block booster-read-block'><\/div><p>Ha a feleknek siker\u00fcl megegyezni\u00fck, akkor m\u00e9gsem sz\u00fcntetik meg az \u00e1ramszolg\u00e1ltat\u00e1st \u00d6rm\u00e9nyes egy r\u00e9sz\u00e9n. A   szolg\u00e1ltat\u00f3 szerint a c\u00e9gnek vesztes\u00e9ges  a G\u00e9p\u00e1llom\u00e1s d\u00fcl\u0151ben \u00e9l\u0151ket ell\u00e1tni, ez\u00e9rt m\u00e1jus 5-\u00e9n lekapcsolj\u00e1k az \u00e1ramot, hacsak az E.ON nem veszi \u00e1t t\u0151l\u00fck az \u00e9rintett h\u00e1ztart\u00e1sokat.  Az \u00fcgy nyolc csal\u00e1dod \u00e9rint.<br \/>\n&#8220;Minden olyan kil\u00e1t\u00e1stalannak t\u0171nik,  \u00e9s nagyon nagyon f\u00e9l\u00fcnk, hogy t\u00e9nyleg kikapcsolj\u00e1k az \u00e1ramot n\u00e1lunk.&#8221;&#8221; rnPanaszolja egy a fiatal n\u0151, aki 18 h\u00f3napos kisl\u00e1ny\u00e1val gyeden van otthon. Az eddig \u00e1ramot biztos\u00edt\u00f3 Ivoflex Kft. m\u00e9g febru\u00e1rban lev\u00e9lben t\u00e1j\u00e9koztatta az ottani nyolc csal\u00e1dot a kikapcsol\u00e1sr\u00f3l. &#8220;&#8221;Kaptunk az Ivoflex kft-t\u0151l egy levelet, hogy 90 napon bel\u00fcl kikapcsolj\u00e1k az \u00e1ramot n\u00e1lunk, mert nekik nem \u00e1ll tov\u00e1bb \u00e9rdek\u00fckben szolg\u00e1ltatni az \u00e1ramot, mert vesztes\u00e9ges nekik.&#8221;&#8221; &#8211; mondja az egyik \u00e9rintett, Osv\u00e1th K\u00e1roly. A lak\u00f3k mindannyian \u00fagy vett\u00e9k a h\u00e1zakat, hogy azokban volt \u00e1ram. Mint mondj\u00e1k: \u0151k arr\u00f3l nem tehetnek, hogy  az \u00e1ramszolg\u00e1ltat\u00e1s vesztes\u00e9ges a c\u00e9gnek. A lak\u00f3k t\u00f6bbs\u00e9g\u00e9nek nincs hova menni\u00fck \u00e9s el sem tudn\u00e1k adni h\u00e1zaikat. Helyzet\u00fck rem\u00e9nytelenn\u00e9 v\u00e1lik, ha m\u00e1jus 5-\u00e9n kikapcsolj\u00e1k az \u00e1ramot.\u00dagy t\u0171nik azonban, van megold\u00e1s. A jelenlegi szolg\u00e1ltat\u00f3 k\u00e9pvisel\u0151je azt mondta, \u0151k sem szeretn\u00e9k, ha \u00e1ram n\u00e9lk\u00fcl maradn\u00e1nak a csal\u00e1dok. &#8220;&#8221;Ha a megold\u00e1s kialak\u00edt\u00e1s\u00e1nak az id\u0151ig\u00e9nye t\u00f6bb mint a mi felmond\u00e1si id\u0151nk, akkor mi a sz\u00fcks\u00e9ges id\u0151pontig t\u00fcrelemmel lesz\u00fcnk \u00e9s fenntartjuk a szolg\u00e1ltat\u00e1st.&#8221;&#8221; -mondta az Ivoflex Kft. k\u00e9pvisel\u0151je. A lak\u00f3k sz\u00e1m\u00e1ra az jelenten\u00e9 a megold\u00e1st, ha az EON \u00e1tvenn\u00e9 \u0151ket az Ivoflex Kft.t\u0151l. &#8220;&#8221;Kezdem\u00e9nyezt\u00fcnk egy olyan t\u00e1rgyal\u00e1st, ami rem\u00e9nyeim szerint holnap zajlik, amikor az \u00e9rintett feleket egy asztalhoz \u00fcltetj\u00fck, hogy tal\u00e1ljunk probl\u00e9m\u00e1t erre a probl\u00e9m\u00e1ra.&#8221;&#8221; -mondta T\u00f6r\u00f6k Csaba, a telep\u00fcl\u00e9s polg\u00e1rmestere.  A szoljon.hu inform\u00e1ci\u00f3i szerint  az \u00faj k\u00f6zc\u00e9l\u00fa h\u00e1l\u00f3zat ki\u00e9p\u00edt\u00e9se minden enged\u00e9ly megl\u00e9te eset\u00e9n 12-14 h\u00f3napot is ig\u00e9nybe vehet, vagyis a mostani szolg\u00e1ltat\u00f3nak ennyi t\u00fcrelmi id\u0151t kellene biztos\u00edtania a lak\u00f3knak.       &#8221;<br \/>\n<div style=\"width: 640px;\" class=\"wp-video\"><!--[if lt IE 9]><script>document.createElement('video');<\/script><![endif]-->\n<video class=\"wp-video-shortcode\" id=\"video-23448-1\" width=\"640\" height=\"360\" preload=\"metadata\" controls=\"controls\"><source type=\"video\/mp4\" src=\"\/spots\/hir\/hir_120503_04.mp4?_=1\" \/><a href=\"\/spots\/hir\/hir_120503_04.mp4\">\/spots\/hir\/hir_120503_04.mp4<\/a><\/video><\/div><\/p>\n","protected":false},"excerpt":{"rendered":"<p>Ha a feleknek siker\u00fcl megegyezni\u00fck, akkor m\u00e9gsem sz\u00fcntetik meg az \u00e1ramszolg\u00e1ltat\u00e1st \u00d6rm\u00e9nyes egy r\u00e9sz\u00e9n. A szolg\u00e1ltat\u00f3 szerint a c\u00e9gnek vesztes\u00e9ges a G\u00e9p\u00e1llom\u00e1s d\u00fcl\u0151ben \u00e9l\u0151ket ell\u00e1tni, ez\u00e9rt m\u00e1jus 5-\u00e9n lekapcsolj\u00e1k az \u00e1ramot, hacsak az E.ON nem veszi \u00e1t t\u0151l\u00fck az \u00e9rintett h\u00e1ztart\u00e1sokat. Az \u00fcgy nyolc csal\u00e1dod \u00e9rint. &#8220;Minden olyan kil\u00e1t\u00e1stalannak t\u0171nik, \u00e9s nagyon nagyon f\u00e9l\u00fcnk, hogy [&hellip;]<\/p>\n","protected":false},"author":2,"featured_media":0,"comment_status":"open","ping_status":"open","sticky":false,"template":"","format":"standard","meta":[],"categories":[20],"tags":[],"_links":{"self":[{"href":"http:\/\/archiv.szolnoktv.hu\/index.php?rest_route=\/wp\/v2\/posts\/23448"}],"collection":[{"href":"http:\/\/archiv.szolnoktv.hu\/index.php?rest_route=\/wp\/v2\/posts"}],"about":[{"href":"http:\/\/archiv.szolnoktv.hu\/index.php?rest_route=\/wp\/v2\/types\/post"}],"author":[{"embeddable":true,"href":"http:\/\/archiv.szolnoktv.hu\/index.php?rest_route=\/wp\/v2\/users\/2"}],"replies":[{"embeddable":true,"href":"http:\/\/archiv.szolnoktv.hu\/index.php?rest_route=%2Fwp%2Fv2%2Fcomments&post=23448"}],"version-history":[{"count":1,"href":"http:\/\/archiv.szolnoktv.hu\/index.php?rest_route=\/wp\/v2\/posts\/23448\/revisions"}],"predecessor-version":[{"id":23563,"href":"http:\/\/archiv.szolnoktv.hu\/index.php?rest_route=\/wp\/v2\/posts\/23448\/revisions\/23563"}],"wp:attachment":[{"href":"http:\/\/archiv.szolnoktv.hu\/index.php?rest_route=%2Fwp%2Fv2%2Fmedia&parent=23448"}],"wp:term":[{"taxonomy":"category","embeddable":true,"href":"http:\/\/archiv.szolnoktv.hu\/index.php?rest_route=%2Fwp%2Fv2%2Fcategories&post=23448"},{"taxonomy":"post_tag","embeddable":true,"href":"http:\/\/archiv.szolnoktv.hu\/index.php?rest_route=%2Fwp%2Fv2%2Ftags&post=23448"}],"curies":[{"name":"wp","href":"https:\/\/api.w.org\/{rel}","templated":true}]}}