{"id":23446,"date":"2012-05-02T18:23:26","date_gmt":"2012-05-02T18:23:26","guid":{"rendered":"http:\/\/archiv.szolnoktv.hu\/?p=23446"},"modified":"2021-10-08T08:10:29","modified_gmt":"2021-10-08T08:10:29","slug":"mindenki-uzenhet-a-magyar-csapatnak","status":"publish","type":"post","link":"http:\/\/archiv.szolnoktv.hu\/?p=23446","title":{"rendered":"Mindenki \u00fczenhet a magyar csapatnak"},"content":{"rendered":"<div class='booster-block booster-read-block'><\/div><p>A Coop j\u00f3volt\u00e1b\u00f3l mindenki \u00fczenhet a magyar olimpiai csapatnak. Az ath\u00e9ni \u00e9s a pekingi \u00f6tkarik\u00e1s j\u00e1t\u00e9kok ut\u00e1n imm\u00e1r harmadik alkalommal indul \u00fatj\u00e1ra a &#8222;k\u00fcldj\u00fcnk egy k\u00f6z\u00f6s hajr\u00e1t&#8221; szurkol\u00f3i mozgalom. M\u00e1jus 2. \u00e9s j\u00fanius 15. k\u00f6z\u00f6tt az orsz\u00e1g szinte minden telep\u00fcl\u00e9s\u00e9n, mintegy 3.000 boltb\u00f3l lehet elk\u00fcldeni a b\u00edztat\u00f3 szavakat.<br \/>\nFarkas \u00c1gnes olimpiai ez\u00fcst\u00e9rmes k\u00e9zilabd\u00e1z\u00f3t is fogadta a Coop Hungary igazgat\u00f3s\u00e1g\u00e1nak eln\u00f6ke Csepeli Lajos. Az egykori kiv\u00e1l\u00f3 sportol\u00f3 is a &#8222;K\u00fcldj\u00fcnk egy k\u00f6z\u00f6s hajr\u00e1t Londonba!&#8221; mozgalom egyik arca. Az akci\u00f3 remek alkalom arra, hogy a szurkol\u00f3k biztass\u00e1k a magyar csapatot. K\u00f6zben az els\u0151 szolnoki \u00fczenet is elk\u00e9sz\u00fclt, amit az olimpikonok, az \u00e1ruh\u00e1zl\u00e1nc vezet\u0151je valamint Szalay Ferenc a v\u00e1ros polg\u00e1rmester \u00edrt a szalagra. A mai nyit\u00f3rendezv\u00e9nyen a kicsiket ugr\u00e1l\u00f3v\u00e1r \u00e9s arcfest\u00e9s v\u00e1rta, a nagyobbakat pedig koncertek.<br \/>\n<div style=\"width: 640px;\" class=\"wp-video\"><!--[if lt IE 9]><script>document.createElement('video');<\/script><![endif]-->\n<video class=\"wp-video-shortcode\" id=\"video-23446-1\" width=\"640\" height=\"360\" preload=\"metadata\" controls=\"controls\"><source type=\"video\/mp4\" src=\"\/spots\/hir\/hir_120502_03.mp4?_=1\" \/><a href=\"\/spots\/hir\/hir_120502_03.mp4\">\/spots\/hir\/hir_120502_03.mp4<\/a><\/video><\/div><\/p>\n","protected":false},"excerpt":{"rendered":"<p>A Coop j\u00f3volt\u00e1b\u00f3l mindenki \u00fczenhet a magyar olimpiai csapatnak. Az ath\u00e9ni \u00e9s a pekingi \u00f6tkarik\u00e1s j\u00e1t\u00e9kok ut\u00e1n imm\u00e1r harmadik alkalommal indul \u00fatj\u00e1ra a &#8222;k\u00fcldj\u00fcnk egy k\u00f6z\u00f6s hajr\u00e1t&#8221; szurkol\u00f3i mozgalom. M\u00e1jus 2. \u00e9s j\u00fanius 15. k\u00f6z\u00f6tt az orsz\u00e1g szinte minden telep\u00fcl\u00e9s\u00e9n, mintegy 3.000 boltb\u00f3l lehet elk\u00fcldeni a b\u00edztat\u00f3 szavakat. Farkas \u00c1gnes olimpiai ez\u00fcst\u00e9rmes k\u00e9zilabd\u00e1z\u00f3t is fogadta [&hellip;]<\/p>\n","protected":false},"author":2,"featured_media":0,"comment_status":"open","ping_status":"open","sticky":false,"template":"","format":"standard","meta":[],"categories":[20],"tags":[],"_links":{"self":[{"href":"http:\/\/archiv.szolnoktv.hu\/index.php?rest_route=\/wp\/v2\/posts\/23446"}],"collection":[{"href":"http:\/\/archiv.szolnoktv.hu\/index.php?rest_route=\/wp\/v2\/posts"}],"about":[{"href":"http:\/\/archiv.szolnoktv.hu\/index.php?rest_route=\/wp\/v2\/types\/post"}],"author":[{"embeddable":true,"href":"http:\/\/archiv.szolnoktv.hu\/index.php?rest_route=\/wp\/v2\/users\/2"}],"replies":[{"embeddable":true,"href":"http:\/\/archiv.szolnoktv.hu\/index.php?rest_route=%2Fwp%2Fv2%2Fcomments&post=23446"}],"version-history":[{"count":1,"href":"http:\/\/archiv.szolnoktv.hu\/index.php?rest_route=\/wp\/v2\/posts\/23446\/revisions"}],"predecessor-version":[{"id":23565,"href":"http:\/\/archiv.szolnoktv.hu\/index.php?rest_route=\/wp\/v2\/posts\/23446\/revisions\/23565"}],"wp:attachment":[{"href":"http:\/\/archiv.szolnoktv.hu\/index.php?rest_route=%2Fwp%2Fv2%2Fmedia&parent=23446"}],"wp:term":[{"taxonomy":"category","embeddable":true,"href":"http:\/\/archiv.szolnoktv.hu\/index.php?rest_route=%2Fwp%2Fv2%2Fcategories&post=23446"},{"taxonomy":"post_tag","embeddable":true,"href":"http:\/\/archiv.szolnoktv.hu\/index.php?rest_route=%2Fwp%2Fv2%2Ftags&post=23446"}],"curies":[{"name":"wp","href":"https:\/\/api.w.org\/{rel}","templated":true}]}}