{"id":23385,"date":"2012-05-02T17:21:26","date_gmt":"2012-05-02T17:21:26","guid":{"rendered":"http:\/\/archiv.szolnoktv.hu\/?p=23385"},"modified":"2021-10-08T07:31:17","modified_gmt":"2021-10-08T07:31:17","slug":"parlamenti-figyelo-21","status":"publish","type":"post","link":"http:\/\/archiv.szolnoktv.hu\/?p=23385","title":{"rendered":"Parlamenti figyel\u0151"},"content":{"rendered":"<div class='booster-block booster-read-block'><\/div><p>\u00c1der J\u00e1nos lett a rendszerv\u00e1lt\u00e1s ut\u00e1ni Magyarorsz\u00e1g \u00f6t\u00f6dik k\u00f6zt\u00e1rsas\u00e1gi eln\u00f6ke. Schmitt P\u00e1l lemond\u00e1s\u00e1t k\u00f6vet\u0151en az \u00e1llamf\u0151i poszt egyed\u00fcli v\u00e1rom\u00e1nyos\u00e1t titkos szavaz\u00e1st k\u00f6vet\u0151en 262 igen \u00e9s 40 nem szavazattal v\u00e1lasztott\u00e1k meg. Az ellenz\u00e9ki p\u00e1rtok k\u00f6z\u00fcl csak a Jobbik vett r\u00e9szt a voksol\u00e1son.<br \/>\nEgyetlen napirendi pont szerepelt az Orsz\u00e1ggy\u0171l\u00e9s mai \u00fcl\u00e9s\u00e9n: a k\u00f6zt\u00e1rsas\u00e1gi eln\u00f6k megv\u00e1laszt\u00e1sa. \u00c1der J\u00e1nost Orb\u00e1n Viktor jel\u00f6lte \u00e1llamf\u0151nek, a jel\u00f6ltet a Fidesz-KDNP frakci\u00f3 valamennyi tagja t\u00e1mogatta. Az 53 \u00e9ves politikus p\u00e1ly\u00e1j\u00e1t Lezs\u00e1k S\u00e1ndor, az Orsz\u00e1ggy\u0171l\u00e9s aleln\u00f6ke ismertette \u00e9s m\u00e9ltatta. Ezt k\u00f6vet\u0151en a k\u00f6zt\u00e1rsas\u00e1gi eln\u00f6kr\u0151l, k\u00e9tharmados t\u00f6bbs\u00e9ggel, titkos szavaz\u00e1ssal d\u00f6nt\u00f6tt az Orsz\u00e1ggy\u0171l\u00e9s. A szavaz\u00f3lapokat 307-en vett\u00e9k fel, k\u00f6z\u00fcl\u00fck ketten nem, h\u00e1rman pedig \u00e9rv\u00e9nytelen\u00fcl voksoltak. \u00c9rv\u00e9nyesen 302-en szavaztak, k\u00f6z\u00fcl\u00fcl 262-en igennel, 40-en pedig nemmel. Inform\u00e1ci\u00f3ink szerint az LMP nem szavazott, az MSZP, valamint a Demokratikus Koal\u00edci\u00f3 tagjai pedig nem is vettek r\u00e9szt a v\u00e1laszt\u00e1son. Mindett\u0151l f\u00fcggetlen\u00fcl a k\u00f6zt\u00e1rsas\u00e1gi eln\u00f6kv\u00e1laszt\u00e1s \u00e9rv\u00e9nyes \u00e9s eredm\u00e9nyes volt. \u00cdgy a t\u00f6rt\u00e9nelmi z\u00e1szl\u00f3k behozatal\u00e1t k\u00f6vet\u0151en a k\u00e9pvisel\u0151k el\u00e9nekelt\u00e9k a himnuszt, majd \u00c1der J\u00e1nos letette az esk\u00fct. A megv\u00e1lasztott k\u00f6zt\u00e1rsas\u00e1gi eln\u00f6k els\u0151 besz\u00e9d\u00e9ben t\u00e1mogat\u00f3inak \u00e9s b\u00edr\u00e1l\u00f3inak egyar\u00e1nt k\u00f6sz\u00f6netet mondott, ezt k\u00f6vet\u0151en pedig arr\u00f3l besz\u00e9lt, hogy mit jelent ma a demokr\u00e1cia. \u00c1der J\u00e1nos arra is figyelmeztetett, hogy &#8222;minden parlamenti p\u00e1rtot egyetemlegesen terhel az orsz\u00e1g sors\u00e1\u00e9rt, j\u00f3 h\u00edr\u00e9\u00e9rt, hitel\u00e9\u00e9rt viselt felel\u0151ss\u00e9g. Magyarorsz\u00e1g k\u00f6zt\u00e1rsas\u00e1gi eln\u00f6kek\u00e9nt magam is marad\u00e9ktalanul viselni fogom az alapt\u00f6rv\u00e9nyben r\u00e1m r\u00f3tt felel\u0151ss\u00e9get, mik\u00e9nt abban is biztos vagyok, hogy mindannyian azt v\u00e1rj\u00e1k t\u0151lem, hogy a r\u00e1m ruh\u00e1zott jogokat \u00e9s k\u00f6telezetts\u00e9geket marad\u00e9ktalanul \u00e9rv\u00e9nyes\u00edtem. \u00c9s \u00e9rv\u00e9nyes\u00edteni is fogom.&#8221; A megv\u00e1lasztott k\u00f6zt\u00e1rsas\u00e1gi eln\u00f6k v\u00e9g\u00fcl K\u00f6lcsey szavaival z\u00e1rta besz\u00e9d\u00e9t: &#8222;A haza minden el\u0151tt.&#8221;<br \/>\n<div style=\"width: 640px;\" class=\"wp-video\"><!--[if lt IE 9]><script>document.createElement('video');<\/script><![endif]-->\n<video class=\"wp-video-shortcode\" id=\"video-23385-1\" width=\"640\" height=\"360\" preload=\"metadata\" controls=\"controls\"><source type=\"video\/mp4\" src=\"\/spots\/hir\/hir_120502_02.mp4?_=1\" \/><a href=\"\/spots\/hir\/hir_120502_02.mp4\">\/spots\/hir\/hir_120502_02.mp4<\/a><\/video><\/div><\/p>\n","protected":false},"excerpt":{"rendered":"<p>\u00c1der J\u00e1nos lett a rendszerv\u00e1lt\u00e1s ut\u00e1ni Magyarorsz\u00e1g \u00f6t\u00f6dik k\u00f6zt\u00e1rsas\u00e1gi eln\u00f6ke. Schmitt P\u00e1l lemond\u00e1s\u00e1t k\u00f6vet\u0151en az \u00e1llamf\u0151i poszt egyed\u00fcli v\u00e1rom\u00e1nyos\u00e1t titkos szavaz\u00e1st k\u00f6vet\u0151en 262 igen \u00e9s 40 nem szavazattal v\u00e1lasztott\u00e1k meg. Az ellenz\u00e9ki p\u00e1rtok k\u00f6z\u00fcl csak a Jobbik vett r\u00e9szt a voksol\u00e1son. Egyetlen napirendi pont szerepelt az Orsz\u00e1ggy\u0171l\u00e9s mai \u00fcl\u00e9s\u00e9n: a k\u00f6zt\u00e1rsas\u00e1gi eln\u00f6k megv\u00e1laszt\u00e1sa. \u00c1der J\u00e1nost [&hellip;]<\/p>\n","protected":false},"author":2,"featured_media":0,"comment_status":"open","ping_status":"open","sticky":false,"template":"","format":"standard","meta":[],"categories":[20],"tags":[],"_links":{"self":[{"href":"http:\/\/archiv.szolnoktv.hu\/index.php?rest_route=\/wp\/v2\/posts\/23385"}],"collection":[{"href":"http:\/\/archiv.szolnoktv.hu\/index.php?rest_route=\/wp\/v2\/posts"}],"about":[{"href":"http:\/\/archiv.szolnoktv.hu\/index.php?rest_route=\/wp\/v2\/types\/post"}],"author":[{"embeddable":true,"href":"http:\/\/archiv.szolnoktv.hu\/index.php?rest_route=\/wp\/v2\/users\/2"}],"replies":[{"embeddable":true,"href":"http:\/\/archiv.szolnoktv.hu\/index.php?rest_route=%2Fwp%2Fv2%2Fcomments&post=23385"}],"version-history":[{"count":1,"href":"http:\/\/archiv.szolnoktv.hu\/index.php?rest_route=\/wp\/v2\/posts\/23385\/revisions"}],"predecessor-version":[{"id":23386,"href":"http:\/\/archiv.szolnoktv.hu\/index.php?rest_route=\/wp\/v2\/posts\/23385\/revisions\/23386"}],"wp:attachment":[{"href":"http:\/\/archiv.szolnoktv.hu\/index.php?rest_route=%2Fwp%2Fv2%2Fmedia&parent=23385"}],"wp:term":[{"taxonomy":"category","embeddable":true,"href":"http:\/\/archiv.szolnoktv.hu\/index.php?rest_route=%2Fwp%2Fv2%2Fcategories&post=23385"},{"taxonomy":"post_tag","embeddable":true,"href":"http:\/\/archiv.szolnoktv.hu\/index.php?rest_route=%2Fwp%2Fv2%2Ftags&post=23385"}],"curies":[{"name":"wp","href":"https:\/\/api.w.org\/{rel}","templated":true}]}}