{"id":23384,"date":"2012-05-02T17:21:12","date_gmt":"2012-05-02T17:21:12","guid":{"rendered":"http:\/\/archiv.szolnoktv.hu\/?p=23384"},"modified":"2021-10-08T07:31:18","modified_gmt":"2021-10-08T07:31:18","slug":"homoktovis-termesztes-ad-munkat-a-besenyszogieknek","status":"publish","type":"post","link":"http:\/\/archiv.szolnoktv.hu\/?p=23384","title":{"rendered":"Homokt\u00f6vis termeszt\u00e9s ad munk\u00e1t a besenysz\u00f6gieknek"},"content":{"rendered":"<div class='booster-block booster-read-block'><\/div><p>Homokt\u00f6vis termeszt\u00e9sbe kezdett Besenysz\u00f6g. Az \u00faj\u00edt\u00e1s mellett t\u00f6bb fejleszt\u00e9s is zajlik a 3500 lelkes telep\u00fcl\u00e9sen.<br \/>\nEgy apr\u00f3 n\u00f6v\u00e9ny hamarosan biztos meg\u00e9lhet\u00e9st ny\u00fajt a besenysz\u00f6gieknek. Ez a cserje a homokt\u00f6vis, melynek term\u00e9se b\u0151velkedik C-vitaminban, de megtal\u00e1lhat\u00f3 benne az A-vitamin is. N\u00f6veli a szervezet saj\u00e1t v\u00e9dekez\u00e9s\u00e9nek hat\u00e9konys\u00e1g\u00e1t, h\u00e1mos\u00edt\u00f3 \u00e9s gyullad\u00e1scs\u00f6kkent\u0151 hat\u00e1sa miatt seg\u00edti a sebgy\u00f3gyul\u00e1st, a b\u0151rbetegs\u00e9gek gy\u00f3gyul\u00e1s\u00e1t. H\u00fasz hekt\u00e1r homokt\u00f6vist \u00fcltettek \u00f6nkorm\u00e1nyzati ter\u00fcletre,  a n\u00f6v\u00e9ny 2-3 \u00e9v m\u00falva \u00e9rik be.M\u00e1r szerz\u0151d\u00e9st is k\u00f6t\u00f6ttek egy Szolnok megyei v\u00e1llalkoz\u00f3val, aki italokat k\u00e9sz\u00edt bel\u0151le. Eddig 20 embernek adnak ezzel munk\u00e1t, de a sorok k\u00f6z\u00f6tt 5 hekt\u00e1ron s\u00fct\u0151t\u00f6k\u00f6t is termesztenek, ezekben a hetekben kezdik majd \u00fcltetni &#8211; \u00edgy ez az \u00f6tlet seg\u00edt enyh\u00edteni a munkan\u00e9lk\u00fclis\u00e9gen is.  rnAz \u00faj\u00edt\u00e1sok mellett fejlesztenek is a faluban.<br \/>\n<div style=\"width: 640px;\" class=\"wp-video\"><!--[if lt IE 9]><script>document.createElement('video');<\/script><![endif]-->\n<video class=\"wp-video-shortcode\" id=\"video-23384-1\" width=\"640\" height=\"360\" preload=\"metadata\" controls=\"controls\"><source type=\"video\/mp4\" src=\"\/spots\/hir\/hir_120502_01.mp4?_=1\" \/><a href=\"\/spots\/hir\/hir_120502_01.mp4\">\/spots\/hir\/hir_120502_01.mp4<\/a><\/video><\/div><\/p>\n","protected":false},"excerpt":{"rendered":"<p>Homokt\u00f6vis termeszt\u00e9sbe kezdett Besenysz\u00f6g. Az \u00faj\u00edt\u00e1s mellett t\u00f6bb fejleszt\u00e9s is zajlik a 3500 lelkes telep\u00fcl\u00e9sen. Egy apr\u00f3 n\u00f6v\u00e9ny hamarosan biztos meg\u00e9lhet\u00e9st ny\u00fajt a besenysz\u00f6gieknek. Ez a cserje a homokt\u00f6vis, melynek term\u00e9se b\u0151velkedik C-vitaminban, de megtal\u00e1lhat\u00f3 benne az A-vitamin is. N\u00f6veli a szervezet saj\u00e1t v\u00e9dekez\u00e9s\u00e9nek hat\u00e9konys\u00e1g\u00e1t, h\u00e1mos\u00edt\u00f3 \u00e9s gyullad\u00e1scs\u00f6kkent\u0151 hat\u00e1sa miatt seg\u00edti a sebgy\u00f3gyul\u00e1st, a b\u0151rbetegs\u00e9gek [&hellip;]<\/p>\n","protected":false},"author":2,"featured_media":0,"comment_status":"open","ping_status":"open","sticky":false,"template":"","format":"standard","meta":[],"categories":[20],"tags":[],"_links":{"self":[{"href":"http:\/\/archiv.szolnoktv.hu\/index.php?rest_route=\/wp\/v2\/posts\/23384"}],"collection":[{"href":"http:\/\/archiv.szolnoktv.hu\/index.php?rest_route=\/wp\/v2\/posts"}],"about":[{"href":"http:\/\/archiv.szolnoktv.hu\/index.php?rest_route=\/wp\/v2\/types\/post"}],"author":[{"embeddable":true,"href":"http:\/\/archiv.szolnoktv.hu\/index.php?rest_route=\/wp\/v2\/users\/2"}],"replies":[{"embeddable":true,"href":"http:\/\/archiv.szolnoktv.hu\/index.php?rest_route=%2Fwp%2Fv2%2Fcomments&post=23384"}],"version-history":[{"count":1,"href":"http:\/\/archiv.szolnoktv.hu\/index.php?rest_route=\/wp\/v2\/posts\/23384\/revisions"}],"predecessor-version":[{"id":23387,"href":"http:\/\/archiv.szolnoktv.hu\/index.php?rest_route=\/wp\/v2\/posts\/23384\/revisions\/23387"}],"wp:attachment":[{"href":"http:\/\/archiv.szolnoktv.hu\/index.php?rest_route=%2Fwp%2Fv2%2Fmedia&parent=23384"}],"wp:term":[{"taxonomy":"category","embeddable":true,"href":"http:\/\/archiv.szolnoktv.hu\/index.php?rest_route=%2Fwp%2Fv2%2Fcategories&post=23384"},{"taxonomy":"post_tag","embeddable":true,"href":"http:\/\/archiv.szolnoktv.hu\/index.php?rest_route=%2Fwp%2Fv2%2Ftags&post=23384"}],"curies":[{"name":"wp","href":"https:\/\/api.w.org\/{rel}","templated":true}]}}