{"id":22845,"date":"2013-12-30T14:27:13","date_gmt":"2013-12-30T14:27:13","guid":{"rendered":"http:\/\/archiv.szolnoktv.hu\/?p=22845"},"modified":"2021-09-23T13:04:03","modified_gmt":"2021-09-23T13:04:03","slug":"megyei-ertektar-bizottsag-2","status":"publish","type":"post","link":"http:\/\/archiv.szolnoktv.hu\/?p=22845","title":{"rendered":"Megyei \u00c9rt\u00e9kt\u00e1r Bizotts\u00e1g"},"content":{"rendered":"<div class='booster-block booster-read-block'><\/div><p>Megalakult a J\u00e1sz- Nagykun- Szolnok Megyei \u00c9rt\u00e9kt\u00e1r Bizotts\u00e1g. A test\u00fclet a t\u00e9rs\u00e9gb\u0151l be\u00e9rkezett javaslatokat b\u00edr\u00e1lja majd el. Olyan t\u00e1rgyakat, szok\u00e1sokat, term\u00e9keket gy\u0171jtenek csokorba, melyek k\u00e9s\u0151bb az orsz\u00e1gos megm\u00e9rettet\u00e9s sor\u00e1n is meg\u00e1llj\u00e1k majd a hely\u00fcket, s tal\u00e1n k\u00f6z\u00fcl\u00fck lesz olyan, melyet ut\u00f3bb hungarikumm\u00e1 nyilv\u00e1n\u00edtanak.<br \/>\n<br \/>A megye v\u00e9djegyei lehetnek azok a  t\u00e1rgyak, szok\u00e1sok vagy term\u00e9kek, melyek kiz\u00e1r\u00f3lagos lok\u00e1lis jelleg\u00e9t a most fel\u00e1llt megyei \u00e9rt\u00e9kt\u00e1r bizotts\u00e1g tagjai is annak \u00edt\u00e9lik. <br \/>A bizotts\u00e1g tagjai az \u00e9let k\u00fcl\u00f6nb\u00f6z\u0151 ter\u00fcleteir\u0151l \u00e9rkeztek, \u00e1m k\u00f6z\u00f6s benn\u00fck az, hogy munk\u00e1juk sor\u00e1n mindannyian kapcsolatba ker\u00fclnek maradand\u00f3 \u00e9rt\u00e9kekkel&#8230;legyen az \u00e9p\u00edtett, vagy \u00e9ppen term\u00e9szeti net\u00e1n a n\u00e9pi kult\u00far\u00e1ban gy\u00f6kerez\u0151.<br \/>Az \u00e9rt\u00e9kt\u00e1rba javasolt t\u00e9telek bejelent\u00e9s\u00e9re formanyomtatv\u00e1ny \u00e1ll rendelkez\u00e9sre, melyet eljuttattak a telep\u00fcl\u00e9si \u00f6nkorm\u00e1nyzatokhoz, de ak\u00e1r a megye honlapj\u00e1r\u00f3l is let\u00f6lthet\u0151.<br \/>\n<div style=\"width: 640px;\" class=\"wp-video\"><!--[if lt IE 9]><script>document.createElement('video');<\/script><![endif]-->\n<video class=\"wp-video-shortcode\" id=\"video-22845-1\" width=\"640\" height=\"360\" preload=\"metadata\" controls=\"controls\"><source type=\"video\/mp4\" src=\"\/spots\/hir\/hir_131230_02.mp4?_=1\" \/><a href=\"\/spots\/hir\/hir_131230_02.mp4\">\/spots\/hir\/hir_131230_02.mp4<\/a><\/video><\/div><\/p>\n","protected":false},"excerpt":{"rendered":"<p>Megalakult a J\u00e1sz- Nagykun- Szolnok Megyei \u00c9rt\u00e9kt\u00e1r Bizotts\u00e1g. A test\u00fclet a t\u00e9rs\u00e9gb\u0151l be\u00e9rkezett javaslatokat b\u00edr\u00e1lja majd el. Olyan t\u00e1rgyakat, szok\u00e1sokat, term\u00e9keket gy\u0171jtenek csokorba, melyek k\u00e9s\u0151bb az orsz\u00e1gos megm\u00e9rettet\u00e9s sor\u00e1n is meg\u00e1llj\u00e1k majd a hely\u00fcket, s tal\u00e1n k\u00f6z\u00fcl\u00fck lesz olyan, melyet ut\u00f3bb hungarikumm\u00e1 nyilv\u00e1n\u00edtanak. A megye v\u00e9djegyei lehetnek azok a t\u00e1rgyak, szok\u00e1sok vagy term\u00e9kek, melyek kiz\u00e1r\u00f3lagos [&hellip;]<\/p>\n","protected":false},"author":2,"featured_media":0,"comment_status":"open","ping_status":"open","sticky":false,"template":"","format":"standard","meta":[],"categories":[19],"tags":[],"_links":{"self":[{"href":"http:\/\/archiv.szolnoktv.hu\/index.php?rest_route=\/wp\/v2\/posts\/22845"}],"collection":[{"href":"http:\/\/archiv.szolnoktv.hu\/index.php?rest_route=\/wp\/v2\/posts"}],"about":[{"href":"http:\/\/archiv.szolnoktv.hu\/index.php?rest_route=\/wp\/v2\/types\/post"}],"author":[{"embeddable":true,"href":"http:\/\/archiv.szolnoktv.hu\/index.php?rest_route=\/wp\/v2\/users\/2"}],"replies":[{"embeddable":true,"href":"http:\/\/archiv.szolnoktv.hu\/index.php?rest_route=%2Fwp%2Fv2%2Fcomments&post=22845"}],"version-history":[{"count":1,"href":"http:\/\/archiv.szolnoktv.hu\/index.php?rest_route=\/wp\/v2\/posts\/22845\/revisions"}],"predecessor-version":[{"id":22848,"href":"http:\/\/archiv.szolnoktv.hu\/index.php?rest_route=\/wp\/v2\/posts\/22845\/revisions\/22848"}],"wp:attachment":[{"href":"http:\/\/archiv.szolnoktv.hu\/index.php?rest_route=%2Fwp%2Fv2%2Fmedia&parent=22845"}],"wp:term":[{"taxonomy":"category","embeddable":true,"href":"http:\/\/archiv.szolnoktv.hu\/index.php?rest_route=%2Fwp%2Fv2%2Fcategories&post=22845"},{"taxonomy":"post_tag","embeddable":true,"href":"http:\/\/archiv.szolnoktv.hu\/index.php?rest_route=%2Fwp%2Fv2%2Ftags&post=22845"}],"curies":[{"name":"wp","href":"https:\/\/api.w.org\/{rel}","templated":true}]}}