{"id":22841,"date":"2013-12-27T14:31:43","date_gmt":"2013-12-27T14:31:43","guid":{"rendered":"http:\/\/archiv.szolnoktv.hu\/?p=22841"},"modified":"2021-09-23T13:04:06","modified_gmt":"2021-09-23T13:04:06","slug":"eloszilveszteri-musor-elozetes-3","status":"publish","type":"post","link":"http:\/\/archiv.szolnoktv.hu\/?p=22841","title":{"rendered":"El\u0151szilveszteri m\u0171sor el\u0151zetes"},"content":{"rendered":"<div class='booster-block booster-read-block'><\/div><p>Sok j\u00e1t\u00e9k, k\u00edv\u00e1ns\u00e1gm\u0171sor \u00e9s szt\u00e1rvend\u00e9gek. A Szolnok Telev\u00edzi\u00f3, hagyom\u00e1nyaihoz h\u00edven id\u00e9n is v\u00e1rja a n\u00e9z\u0151ket december 30-\u00e1n a k\u00e9perny\u0151 el\u00e9. Az idei el\u0151szilveszteri m\u0171sorunk sok-sok meglepet\u00e9st is tartogat.<br \/>\n<br \/>Ebben az \u00e9vben is interakt\u00edv el\u0151szilveszteri m\u0171sorral v\u00e1rja a Szolnok Telev\u00edzi\u00f3 december 30-\u00e1n 16 \u00f3r\u00e1t\u00f3l a n\u00e9z\u0151ket. Kora d\u00e9lut\u00e1nt\u00f3l \u00e9jf\u00e9lig r\u00e9szben \u00d6n is alak\u00edthatja, szerkesztheti a m\u0171sort k\u00edv\u00e1ns\u00e1gaival. <br \/>Az est a m\u00e1r megszokott \u00e9l\u0151 k\u00edv\u00e1ns\u00e1gm\u0171sorra \u00e9p\u00fcl.  K\u00fcldhetnek zenesz\u00e1mokat ismer\u0151seiknek, bar\u00e1taiknak, csal\u00e1dtagjaiknak &#8211; a magyar n\u00f3t\u00e1t\u00f3l, a modern t\u00e1nczen\u00e9n \u00e1t a pop-rock-ig. A gyerekeket is v\u00e1rjuk k\u00e9r\u00e9seikkel, k\u00edv\u00e1ns\u00e1gaikkal. A j\u00e1t\u00e9kban k\u00fcl\u00f6n  nekik sz\u00f3l\u00f3 k\u00e9rd\u00e9sekkel \u00e9s \u00e9rt\u00e9kes aj\u00e1nd\u00e9kokkal k\u00e9sz\u00fcl\u00fcnk 16-17 \u00f3ra k\u00f6z\u00f6tt. Nyerhetnek pizz\u00e1t, tort\u00e1t, csal\u00e1di eb\u00e9det \u00e9s T-city aj\u00e1nd\u00e9kcsomagot. <br \/> Id\u00e9n is megsz\u00e1llj\u00e1k majd a st\u00fadi\u00f3t a boszork\u00e1nyok, akik nem sepr\u0171t, hanem a j\u00f3sl\u00e1shoz haszn\u00e1latos eszk\u00f6z\u00f6ket hoznak. <br \/>R\u00fana k\u00f6vekb\u0151l, cig\u00e1ny- \u00e9s tarot k\u00e1rty\u00e1b\u00f3l ismerhetik meg j\u00f6v\u0151j\u00fcket a betelefon\u00e1l\u00f3k. <br \/>M\u0171sorunkban visszatekint\u00fcnk a 2013-as \u00e9vre is, sport \u00e9s gazdas\u00e1gi \u00f6sszefoglal\u00f3t is l\u00e1thatnak. <br \/>Sz\u00ednh\u00e1zba is rep\u00edtj\u00fck \u00d6n\u00f6ket, r\u00e9szleteket vet\u00edt\u00fcnk a Kabar\u00e9 \u00e9s a Kaktusz vir\u00e1ga c. darabokb\u00f3l. <br \/>Este 7 \u00f3rakor friss szolnoki h\u00edrekkel jelentkezik az Aktu\u00e1lis.<br \/>Betekint\u00e9st nyerhetnek dolgos h\u00e9tk\u00f6znapjainkba is, mert bizony nek\u00fcnk sem siker\u00fcl minden els\u0151re, a kulissz\u00e1k m\u00f6g\u00f6tt rengeteg mosolyogtat\u00f3 pillanat vid\u00edtja sz\u00fcrke, munk\u00e1s h\u00e9tk\u00f6znapjainkat. Bakl\u00f6v\u00e9seinket a frissen \u00f6ssze\u00e1ll\u00edtott bakipar\u00e1d\u00e9ban l\u00e1thatj\u00e1k. <br \/>T\u00f6lts\u00e9k vel\u00fcnk az \u00e9v v\u00e9g\u00e9t! V\u00e1rjuk \u00f6n\u00f6ket a k\u00e9perny\u0151 el\u00e9 december 30-\u00e1n eg\u00e9sz est\u00e9s \u00e9vb\u00facs\u00faztat\u00f3 m\u0171sorunkkal.<br \/>\n<div style=\"width: 640px;\" class=\"wp-video\"><!--[if lt IE 9]><script>document.createElement('video');<\/script><![endif]-->\n<video class=\"wp-video-shortcode\" id=\"video-22841-1\" width=\"640\" height=\"360\" preload=\"metadata\" controls=\"controls\"><source type=\"video\/mp4\" src=\"\/spots\/hir\/hir_131223_05.mp4?_=1\" \/><a href=\"\/spots\/hir\/hir_131223_05.mp4\">\/spots\/hir\/hir_131223_05.mp4<\/a><\/video><\/div><\/p>\n","protected":false},"excerpt":{"rendered":"<p>Sok j\u00e1t\u00e9k, k\u00edv\u00e1ns\u00e1gm\u0171sor \u00e9s szt\u00e1rvend\u00e9gek. A Szolnok Telev\u00edzi\u00f3, hagyom\u00e1nyaihoz h\u00edven id\u00e9n is v\u00e1rja a n\u00e9z\u0151ket december 30-\u00e1n a k\u00e9perny\u0151 el\u00e9. Az idei el\u0151szilveszteri m\u0171sorunk sok-sok meglepet\u00e9st is tartogat. Ebben az \u00e9vben is interakt\u00edv el\u0151szilveszteri m\u0171sorral v\u00e1rja a Szolnok Telev\u00edzi\u00f3 december 30-\u00e1n 16 \u00f3r\u00e1t\u00f3l a n\u00e9z\u0151ket. Kora d\u00e9lut\u00e1nt\u00f3l \u00e9jf\u00e9lig r\u00e9szben \u00d6n is alak\u00edthatja, szerkesztheti a m\u0171sort [&hellip;]<\/p>\n","protected":false},"author":2,"featured_media":0,"comment_status":"open","ping_status":"open","sticky":false,"template":"","format":"standard","meta":[],"categories":[19],"tags":[],"_links":{"self":[{"href":"http:\/\/archiv.szolnoktv.hu\/index.php?rest_route=\/wp\/v2\/posts\/22841"}],"collection":[{"href":"http:\/\/archiv.szolnoktv.hu\/index.php?rest_route=\/wp\/v2\/posts"}],"about":[{"href":"http:\/\/archiv.szolnoktv.hu\/index.php?rest_route=\/wp\/v2\/types\/post"}],"author":[{"embeddable":true,"href":"http:\/\/archiv.szolnoktv.hu\/index.php?rest_route=\/wp\/v2\/users\/2"}],"replies":[{"embeddable":true,"href":"http:\/\/archiv.szolnoktv.hu\/index.php?rest_route=%2Fwp%2Fv2%2Fcomments&post=22841"}],"version-history":[{"count":1,"href":"http:\/\/archiv.szolnoktv.hu\/index.php?rest_route=\/wp\/v2\/posts\/22841\/revisions"}],"predecessor-version":[{"id":22852,"href":"http:\/\/archiv.szolnoktv.hu\/index.php?rest_route=\/wp\/v2\/posts\/22841\/revisions\/22852"}],"wp:attachment":[{"href":"http:\/\/archiv.szolnoktv.hu\/index.php?rest_route=%2Fwp%2Fv2%2Fmedia&parent=22841"}],"wp:term":[{"taxonomy":"category","embeddable":true,"href":"http:\/\/archiv.szolnoktv.hu\/index.php?rest_route=%2Fwp%2Fv2%2Fcategories&post=22841"},{"taxonomy":"post_tag","embeddable":true,"href":"http:\/\/archiv.szolnoktv.hu\/index.php?rest_route=%2Fwp%2Fv2%2Ftags&post=22841"}],"curies":[{"name":"wp","href":"https:\/\/api.w.org\/{rel}","templated":true}]}}