{"id":22840,"date":"2013-12-23T16:38:34","date_gmt":"2013-12-23T16:38:34","guid":{"rendered":"http:\/\/archiv.szolnoktv.hu\/?p=22840"},"modified":"2021-09-23T13:04:07","modified_gmt":"2021-09-23T13:04:07","slug":"kosarkaracsony-2","status":"publish","type":"post","link":"http:\/\/archiv.szolnoktv.hu\/?p=22840","title":{"rendered":"Kos\u00e1rkar\u00e1csony"},"content":{"rendered":"<div class='booster-block booster-read-block'><\/div><p>\u00daj szerepben pr\u00f3b\u00e1lhatt\u00e1k ki magukat az Olaj KK j\u00e1t\u00e9kosai. A Kos\u00e1rkar\u00e1csony keret\u00e9ben \u00e9lelmiszercsomagokat adtak \u00e1t szombat d\u00e9lel\u0151tt a szolnoki nagycsal\u00e1dosoknak a Tiszaligetben.<br \/>\n<br \/>Szombat d\u00e9lel\u0151tt a szolnoki olaj KK j\u00e1t\u00e9kosai \u00e1lltak sorfalat a v\u00e1rosi sportcsarnok el\u0151tt. A seregszemle aktualit\u00e1s\u00e1t nem a d\u00e9lut\u00e1ni Krko Novo Mesto elleni m\u00e9rk\u0151z\u00e9s adta, hanem az imm\u00e1r 5. alkalommal megrendezett Kos\u00e1rkar\u00e1csony, amely keret\u00e9ben a r\u00e1szorul\u00f3 nagycsal\u00e1dosok vehettek \u00e1t adom\u00e1nycsomagot a j\u00e1t\u00e9kosokt\u00f3l. A rendezv\u00e9ny \u00e9vr\u0151l \u00e9vre fejl\u0151dik, \u00e9s a j\u00f3t\u00e9konykod\u00e1s mellett egyre b\u0151vebb programot k\u00edn\u00e1l az \u00e9rdekl\u0151d\u0151knek. <br \/>Id\u00e9n eddig t\u00f6bb, mint 6 tonna tart\u00f3s \u00e9lelmiszert juttattak el a V\u00f6r\u00f6skereszt seg\u00edts\u00e9g\u00e9vel a nagycsal\u00e1dosoknak. A rendhagy\u00f3 kezdem\u00e9nyez\u00e9s j\u00f3 lehet\u0151s\u00e9get teremt arra is, hogy a szolnokiak megismerhess\u00e9k a csapatuk tagjait \u00e9s v\u00e1lthassanak vel\u00fck n\u00e9h\u00e1ny sz\u00f3t. <br \/>A szervez\u0151k sz\u00ednes programmal k\u00e9sz\u00fcltek, hiszen az esti f\u0151m\u00e9rk\u0151z\u00e9st megel\u0151z\u0151en U12-es ut\u00e1np\u00f3tl\u00e1s torn\u00e1t \u00e9s a Szolnoki Olaj KK U23 &#8211;  \u00d3budai Kasz\u00e1sok NB1\/B m\u00e9rk\u0151z\u00e9st l\u00e1thatt\u00e1k az \u00e9rdekl\u0151d\u0151k. Az este pedig a feln\u0151tt egy\u00fcttesek\u00e9 volt, hiszen az Adria Liga keret\u00e9ben j\u00e1tszott a Szolnoki Olaj KK a Krka Novo Mesto-val. A j\u00e1t\u00e9kosok \u00f6r\u00f6mmel vettek r\u00e9szt az adom\u00e1nyoz\u00e1sban, de gondolatban m\u00e1r az esti megm\u00e9rettet\u00e9sre k\u00e9sz\u00fcltek.<br \/>A nagycsal\u00e1dosok k\u00f6r\u00e9ben is n\u00e9pszer\u0171 a kos\u00e1rlabda, drukkolnak a csapatnak \u00e9s figyelemmel k\u00eds\u00e9rik a j\u00e1t\u00e9kosok teljes\u00edtm\u00e9ny\u00e9t is.<br \/>Az adom\u00e1nyoz\u00e1son t\u00fal az adom\u00e1nygy\u0171jt\u00e9s is szerephez jutott a kos\u00e1rkar\u00e1csonyon, hiszen a sportcsarnok bej\u00e1rat\u00e1n\u00e1l elhelyezett urn\u00e1kba b\u00e1rki bedobhatta a m\u00e1r megunt pl\u00fcssfigur\u00e1j\u00e1t vagy egy\u00e9b aj\u00e1nd\u00e9k\u00e1t.<br \/>\n<div style=\"width: 640px;\" class=\"wp-video\"><!--[if lt IE 9]><script>document.createElement('video');<\/script><![endif]-->\n<video class=\"wp-video-shortcode\" id=\"video-22840-1\" width=\"640\" height=\"360\" preload=\"metadata\" controls=\"controls\"><source type=\"video\/mp4\" src=\"\/spots\/hir\/hir_131223_04.mp4?_=1\" \/><a href=\"\/spots\/hir\/hir_131223_04.mp4\">\/spots\/hir\/hir_131223_04.mp4<\/a><\/video><\/div><\/p>\n","protected":false},"excerpt":{"rendered":"<p>\u00daj szerepben pr\u00f3b\u00e1lhatt\u00e1k ki magukat az Olaj KK j\u00e1t\u00e9kosai. A Kos\u00e1rkar\u00e1csony keret\u00e9ben \u00e9lelmiszercsomagokat adtak \u00e1t szombat d\u00e9lel\u0151tt a szolnoki nagycsal\u00e1dosoknak a Tiszaligetben. Szombat d\u00e9lel\u0151tt a szolnoki olaj KK j\u00e1t\u00e9kosai \u00e1lltak sorfalat a v\u00e1rosi sportcsarnok el\u0151tt. A seregszemle aktualit\u00e1s\u00e1t nem a d\u00e9lut\u00e1ni Krko Novo Mesto elleni m\u00e9rk\u0151z\u00e9s adta, hanem az imm\u00e1r 5. alkalommal megrendezett Kos\u00e1rkar\u00e1csony, amely [&hellip;]<\/p>\n","protected":false},"author":2,"featured_media":0,"comment_status":"open","ping_status":"open","sticky":false,"template":"","format":"standard","meta":[],"categories":[19],"tags":[],"_links":{"self":[{"href":"http:\/\/archiv.szolnoktv.hu\/index.php?rest_route=\/wp\/v2\/posts\/22840"}],"collection":[{"href":"http:\/\/archiv.szolnoktv.hu\/index.php?rest_route=\/wp\/v2\/posts"}],"about":[{"href":"http:\/\/archiv.szolnoktv.hu\/index.php?rest_route=\/wp\/v2\/types\/post"}],"author":[{"embeddable":true,"href":"http:\/\/archiv.szolnoktv.hu\/index.php?rest_route=\/wp\/v2\/users\/2"}],"replies":[{"embeddable":true,"href":"http:\/\/archiv.szolnoktv.hu\/index.php?rest_route=%2Fwp%2Fv2%2Fcomments&post=22840"}],"version-history":[{"count":1,"href":"http:\/\/archiv.szolnoktv.hu\/index.php?rest_route=\/wp\/v2\/posts\/22840\/revisions"}],"predecessor-version":[{"id":22853,"href":"http:\/\/archiv.szolnoktv.hu\/index.php?rest_route=\/wp\/v2\/posts\/22840\/revisions\/22853"}],"wp:attachment":[{"href":"http:\/\/archiv.szolnoktv.hu\/index.php?rest_route=%2Fwp%2Fv2%2Fmedia&parent=22840"}],"wp:term":[{"taxonomy":"category","embeddable":true,"href":"http:\/\/archiv.szolnoktv.hu\/index.php?rest_route=%2Fwp%2Fv2%2Fcategories&post=22840"},{"taxonomy":"post_tag","embeddable":true,"href":"http:\/\/archiv.szolnoktv.hu\/index.php?rest_route=%2Fwp%2Fv2%2Ftags&post=22840"}],"curies":[{"name":"wp","href":"https:\/\/api.w.org\/{rel}","templated":true}]}}