{"id":22839,"date":"2013-12-23T16:35:57","date_gmt":"2013-12-23T16:35:57","guid":{"rendered":"http:\/\/archiv.szolnoktv.hu\/?p=22839"},"modified":"2021-09-23T13:04:07","modified_gmt":"2021-09-23T13:04:07","slug":"unnep-2013-kiallitas-megnyito","status":"publish","type":"post","link":"http:\/\/archiv.szolnoktv.hu\/?p=22839","title":{"rendered":"\u00dcnnep 2013 ki\u00e1ll\u00edt\u00e1s megnyit\u00f3"},"content":{"rendered":"<div class='booster-block booster-read-block'><\/div><p>\u00dcnnep 2013 c\u00edmmel ny\u00edlt ki\u00e1ll\u00edt\u00e1s szombaton a M\u0171v\u00e9sztelepen. A hagyom\u00e1ny os kar\u00e1csonyi t\u00e1rlatot Dr. K\u00e1llai M\u00e1ria megyei korm\u00e1nymegb\u00edzott nyitotta meg.<br \/>\n<br \/>Kar\u00e1csonyi dalok csend\u00fcltek fel szombaton d\u00e9lut\u00e1n a M\u0171v\u00e9sztelepen. Ekkor ny\u00edlt meg a Szolnoki M\u0171v\u00e9sztelep \u00e9s a Szolnoki M\u0171v\u00e9szeti Egyes\u00fclet imm\u00e1ron hagyom\u00e1nyos kar\u00e1csonyi ki\u00e1ll\u00edt\u00e1sa. Az \u00dcnnep 2013 elnevez\u00e9s\u0171 t\u00e1rlaton 21 m\u0171v\u00e9sz alkot\u00e1sa l\u00e1that\u00f3. A ki\u00e1ll\u00edt\u00e1st Dr. K\u00e1llai M\u00e1ria megyei korm\u00e1nymegb\u00edzott nyitotta meg. <br \/>Dr. K\u00e1llai M\u00e1ria hozz\u00e1tette: boldogs\u00e1ggal t\u00f6lti el, hogy sok fiatal is tisztelet\u00e9t tette a t\u00e1rlat megnyit\u00f3j\u00e1n, hiszen a m\u0171v\u00e9sztelepnek inspir\u00e1l\u00f3 ereje van, mely minden mai fiatalnak csak haszn\u00e1ra v\u00e1lhat. A megnyit\u00f3n M\u00e1th\u00e9 Gy\u00f6rgy esperes is megosztotta \u00fcnnepi gondolatait az egybegy\u0171ltekkel. <br \/>M\u00e1th\u00e9 Gy\u00f6rgy a t\u00e1rlat megnyit\u00f3j\u00e1n azt mondta: a ki\u00e1ll\u00edt\u00e1s egy kellemes adal\u00e9ka lehet az adventi k\u00e9sz\u00fcl\u0151d\u00e9snek, mert rengeteg sz\u00e9ps\u00e9get, \u00fczenetet hordoznak a ki\u00e1ll\u00edtott darabok. A k\u00e9pek hozz\u00e1j\u00e1rulhatnak a l\u00e9lek felk\u00e9sz\u00fcl\u00e9s\u00e9hez is. Merthogy a l\u00e9leknek is fel kell k\u00e9sz\u00fclnie a legszentebb \u00fcnnepre. &#8211; tette hozz\u00e1 az esperes.<br \/>\n<div style=\"width: 640px;\" class=\"wp-video\"><!--[if lt IE 9]><script>document.createElement('video');<\/script><![endif]-->\n<video class=\"wp-video-shortcode\" id=\"video-22839-1\" width=\"640\" height=\"360\" preload=\"metadata\" controls=\"controls\"><source type=\"video\/mp4\" src=\"\/spots\/hir\/hir_131223_03.mp4?_=1\" \/><a href=\"\/spots\/hir\/hir_131223_03.mp4\">\/spots\/hir\/hir_131223_03.mp4<\/a><\/video><\/div><\/p>\n","protected":false},"excerpt":{"rendered":"<p>\u00dcnnep 2013 c\u00edmmel ny\u00edlt ki\u00e1ll\u00edt\u00e1s szombaton a M\u0171v\u00e9sztelepen. A hagyom\u00e1ny os kar\u00e1csonyi t\u00e1rlatot Dr. K\u00e1llai M\u00e1ria megyei korm\u00e1nymegb\u00edzott nyitotta meg. Kar\u00e1csonyi dalok csend\u00fcltek fel szombaton d\u00e9lut\u00e1n a M\u0171v\u00e9sztelepen. Ekkor ny\u00edlt meg a Szolnoki M\u0171v\u00e9sztelep \u00e9s a Szolnoki M\u0171v\u00e9szeti Egyes\u00fclet imm\u00e1ron hagyom\u00e1nyos kar\u00e1csonyi ki\u00e1ll\u00edt\u00e1sa. Az \u00dcnnep 2013 elnevez\u00e9s\u0171 t\u00e1rlaton 21 m\u0171v\u00e9sz alkot\u00e1sa l\u00e1that\u00f3. A ki\u00e1ll\u00edt\u00e1st Dr. [&hellip;]<\/p>\n","protected":false},"author":2,"featured_media":0,"comment_status":"open","ping_status":"open","sticky":false,"template":"","format":"standard","meta":[],"categories":[19],"tags":[],"_links":{"self":[{"href":"http:\/\/archiv.szolnoktv.hu\/index.php?rest_route=\/wp\/v2\/posts\/22839"}],"collection":[{"href":"http:\/\/archiv.szolnoktv.hu\/index.php?rest_route=\/wp\/v2\/posts"}],"about":[{"href":"http:\/\/archiv.szolnoktv.hu\/index.php?rest_route=\/wp\/v2\/types\/post"}],"author":[{"embeddable":true,"href":"http:\/\/archiv.szolnoktv.hu\/index.php?rest_route=\/wp\/v2\/users\/2"}],"replies":[{"embeddable":true,"href":"http:\/\/archiv.szolnoktv.hu\/index.php?rest_route=%2Fwp%2Fv2%2Fcomments&post=22839"}],"version-history":[{"count":1,"href":"http:\/\/archiv.szolnoktv.hu\/index.php?rest_route=\/wp\/v2\/posts\/22839\/revisions"}],"predecessor-version":[{"id":22854,"href":"http:\/\/archiv.szolnoktv.hu\/index.php?rest_route=\/wp\/v2\/posts\/22839\/revisions\/22854"}],"wp:attachment":[{"href":"http:\/\/archiv.szolnoktv.hu\/index.php?rest_route=%2Fwp%2Fv2%2Fmedia&parent=22839"}],"wp:term":[{"taxonomy":"category","embeddable":true,"href":"http:\/\/archiv.szolnoktv.hu\/index.php?rest_route=%2Fwp%2Fv2%2Fcategories&post=22839"},{"taxonomy":"post_tag","embeddable":true,"href":"http:\/\/archiv.szolnoktv.hu\/index.php?rest_route=%2Fwp%2Fv2%2Ftags&post=22839"}],"curies":[{"name":"wp","href":"https:\/\/api.w.org\/{rel}","templated":true}]}}