{"id":16901,"date":"2015-01-16T18:22:55","date_gmt":"2015-01-16T18:22:55","guid":{"rendered":"http:\/\/archiv.szolnoktv.hu\/?p=16901"},"modified":"2021-08-31T08:09:59","modified_gmt":"2021-08-31T08:09:59","slug":"balesetek-szama-ev-elejen","status":"publish","type":"post","link":"http:\/\/archiv.szolnoktv.hu\/?p=16901","title":{"rendered":"Balesetek sz\u00e1ma \u00e9v elej\u00e9n"},"content":{"rendered":"<div class='booster-block booster-read-block'><\/div><p>\u00dajabb hal\u00e1los baleset t\u00f6rt\u00e9nt megy\u00e9nkben. A hajnali \u00f3r\u00e1kban egy gyalogost \u00fct\u00f6tt el egy szem\u00e9lyaut\u00f3 T\u00f6r\u00f6kszentmikl\u00f3s \u00e9s Tiszateny\u0151 k\u00f6z\u00f6tt. Az id\u00e9n m\u00e1r ez volt a 8-ik hal\u00e1los baleset megy\u00e9nkben.<br \/>\n<br \/>Cserbenhagy\u00e1sos g\u00e1zol\u00e1s t\u00f6rt\u00e9nt ma hajnalban T\u00f6r\u00f6kszentmikl\u00f3s \u00e9s Tiszateny\u0151 k\u00f6z\u00f6tt. F\u00e9l 3-kor egy \u00fattesten tart\u00f3zkod\u00f3 f\u00e9rfit \u00fct\u00f6tt el egy szem\u00e9lyaut\u00f3, mely tov\u00e1bbhajtott.  A g\u00e9pj\u00e1rm\u0171vet, \u00e9s a sof\u0151rj\u00e9t a reggeli \u00f3r\u00e1kban m\u00e1r meg is tal\u00e1lta a rend\u0151rs\u00e9g. Id\u00e9n ez volt megy\u00e9nkben a 8-ik hal\u00e1los baleset alig 16 nap alatt. Ilyen \u00e9vkezd\u00e9s az elm\u00falt 15 \u00e9vben m\u00e9g nem volt.<br \/>Tapasztalat, hogy a csapad\u00e9kmentesebb t\u00e9li id\u0151j\u00e1r\u00e1sban a g\u00e9pj\u00e1rm\u0171vezet\u0151k nem k\u00f6zlekednek lassabban, \u00e1m egy \u00fatra fagyott jeges szakaszon k\u00f6nnyen bek\u00f6vetkezhet a baj. Az idei balesetek k\u00f6zt el\u0151fordult, hogy a sof\u0151r f\u00e1radt volt, a gyalogos figyelmetlen\u00fcl l\u00e9pet az \u00fatra, vagy az aut\u00f3 nem volt felk\u00e9sz\u00edtve a t\u00e9li id\u0151szakra. Ilyenkor a gyorshajt\u00e1st \u00e9s az alkoholfogyaszt\u00e1st is vizsg\u00e1lj\u00e1k a rend\u0151r\u00f6k.<br \/>A szakember nagyobb odafigyel\u00e9sre k\u00e9ri a k\u00f6zleked\u0151ket. A gyalogosok a hajnali \u00f3r\u00e1kban nehezen \u00e9szrevehet\u0151ek, ha s\u00f6t\u00e9t ruh\u00e1t hordanak, a t\u00e9li gumi cs\u00f6kkenti a f\u00e9kt\u00e1vols\u00e1got, a vil\u00e1g\u00edt\u00f3berendez\u00e9seknek is rendben kell lenni\u00fck, \u00e9s a sz\u00e9lv\u00e9d\u0151 indul\u00e1s el\u0151tti p\u00e1ramentes\u00edt\u00e9se is \u00e9letet menthet.<br \/>\n<div style=\"width: 640px;\" class=\"wp-video\"><!--[if lt IE 9]><script>document.createElement('video');<\/script><![endif]-->\n<video class=\"wp-video-shortcode\" id=\"video-16901-1\" width=\"640\" height=\"360\" preload=\"metadata\" controls=\"controls\"><source type=\"video\/mp4\" src=\"\/spots\/hir\/hir_150116_04.mp4?_=1\" \/><a href=\"\/spots\/hir\/hir_150116_04.mp4\">\/spots\/hir\/hir_150116_04.mp4<\/a><\/video><\/div><\/p>\n","protected":false},"excerpt":{"rendered":"<p>\u00dajabb hal\u00e1los baleset t\u00f6rt\u00e9nt megy\u00e9nkben. A hajnali \u00f3r\u00e1kban egy gyalogost \u00fct\u00f6tt el egy szem\u00e9lyaut\u00f3 T\u00f6r\u00f6kszentmikl\u00f3s \u00e9s Tiszateny\u0151 k\u00f6z\u00f6tt. Az id\u00e9n m\u00e1r ez volt a 8-ik hal\u00e1los baleset megy\u00e9nkben. Cserbenhagy\u00e1sos g\u00e1zol\u00e1s t\u00f6rt\u00e9nt ma hajnalban T\u00f6r\u00f6kszentmikl\u00f3s \u00e9s Tiszateny\u0151 k\u00f6z\u00f6tt. F\u00e9l 3-kor egy \u00fattesten tart\u00f3zkod\u00f3 f\u00e9rfit \u00fct\u00f6tt el egy szem\u00e9lyaut\u00f3, mely tov\u00e1bbhajtott. A g\u00e9pj\u00e1rm\u0171vet, \u00e9s a sof\u0151rj\u00e9t a [&hellip;]<\/p>\n","protected":false},"author":2,"featured_media":0,"comment_status":"open","ping_status":"open","sticky":false,"template":"","format":"standard","meta":[],"categories":[17],"tags":[],"_links":{"self":[{"href":"http:\/\/archiv.szolnoktv.hu\/index.php?rest_route=\/wp\/v2\/posts\/16901"}],"collection":[{"href":"http:\/\/archiv.szolnoktv.hu\/index.php?rest_route=\/wp\/v2\/posts"}],"about":[{"href":"http:\/\/archiv.szolnoktv.hu\/index.php?rest_route=\/wp\/v2\/types\/post"}],"author":[{"embeddable":true,"href":"http:\/\/archiv.szolnoktv.hu\/index.php?rest_route=\/wp\/v2\/users\/2"}],"replies":[{"embeddable":true,"href":"http:\/\/archiv.szolnoktv.hu\/index.php?rest_route=%2Fwp%2Fv2%2Fcomments&post=16901"}],"version-history":[{"count":1,"href":"http:\/\/archiv.szolnoktv.hu\/index.php?rest_route=\/wp\/v2\/posts\/16901\/revisions"}],"predecessor-version":[{"id":17008,"href":"http:\/\/archiv.szolnoktv.hu\/index.php?rest_route=\/wp\/v2\/posts\/16901\/revisions\/17008"}],"wp:attachment":[{"href":"http:\/\/archiv.szolnoktv.hu\/index.php?rest_route=%2Fwp%2Fv2%2Fmedia&parent=16901"}],"wp:term":[{"taxonomy":"category","embeddable":true,"href":"http:\/\/archiv.szolnoktv.hu\/index.php?rest_route=%2Fwp%2Fv2%2Fcategories&post=16901"},{"taxonomy":"post_tag","embeddable":true,"href":"http:\/\/archiv.szolnoktv.hu\/index.php?rest_route=%2Fwp%2Fv2%2Ftags&post=16901"}],"curies":[{"name":"wp","href":"https:\/\/api.w.org\/{rel}","templated":true}]}}