{"id":16857,"date":"2015-01-12T17:39:27","date_gmt":"2015-01-12T17:39:27","guid":{"rendered":"http:\/\/archiv.szolnoktv.hu\/?p=16857"},"modified":"2021-08-31T07:07:38","modified_gmt":"2021-08-31T07:07:38","slug":"a-vilagcirkusz-evadnyito-gala-szolnokon","status":"publish","type":"post","link":"http:\/\/archiv.szolnoktv.hu\/?p=16857","title":{"rendered":"\u201eA Vil\u00e1gcirkusz\u201e &#8211; \u00c9vadnyit\u00f3 g\u00e1la Szolnokon"},"content":{"rendered":"<div class='booster-block booster-read-block'><\/div><p>\u201eA Vil\u00e1gcirkusz\u201e c\u00edmmel nyitotta meg 50. \u00e9vad\u00e1t -imm\u00e1r negyedik alkalommal nagyszab\u00e1s\u00fa t\u00e1nckoncert form\u00e1j\u00e1ban- a Szolnoki Szimfonikus Zenekar janu\u00e1r 10-\u00e9n a szolnoki sportcsarnokban. A g\u00e1l\u00e1n r\u00e9szletek csend\u00fcltek fel t\u00f6bbek k\u00f6z\u00f6tt Tchaikovsky Di\u00f3t\u00f6r\u00f6j\u00e9b\u0151l, Mozart Requiem-\u00e9b\u0151l \u00e9s Borodin Igor Herceg\u00e9b\u0151l.<br \/>\n<br \/>A Nagyv\u00e1rad T\u00e1ncegy\u00fcttes feket\u00e9be \u00e9s v\u00f6r\u00f6sbe \u00f6lt\u00f6z\u00f6tt, halottnak maszk\u00edrozott t\u00e1ncosai groteszk- \u00e9s abszurd-, de legf\u0151k\u00e9pp realista m\u00f3don jelen\u00edtett\u00e9k meg az I. vil\u00e1gh\u00e1bor\u00fa borzalmait janu\u00e1r 10-\u00e9n, Szolnokon. A t\u00e1rsulat a Szolnoki Szimfonikus Zenekar 50. \u00e9vad\u00e1t megnyit\u00f3 t\u00e1nckoncertj\u00e9nek is nev\u00e9t ad\u00f3, \u201eA Vil\u00e1gcirkusz\u201e c\u00edm\u0171, Mozart Requiem-\u00e9re \u00e9p\u00fcl\u0151 darabj\u00e1b\u00f3l mutatott be r\u00e9szleteket. <br \/>Az imm\u00e1r negyedik alkalommal megrendezett g\u00e1l\u00e1n a Szolnoki Szimfonikus Zenekar mellett t\u00f6bbek k\u00f6z\u00f6tt a Magyar Nemzeti Balett \u00e9s a Budapest T\u00e1ncsz\u00ednh\u00e1z, valamint a Nemzeti \u00c9nekkar \u00e9s a Szolnoki Bart\u00f3k B\u00e9la Kamarak\u00f3rus tagjai is sz\u00ednpadra l\u00e9ptek. A reperto\u00e1rban a szakr\u00e1lis t\u00e9m\u00e1j\u00fa m\u0171veken t\u00fal a k\u00f6nnyedebb darabok is megjelentek, illetve a t\u00f6bb, mint 2000 f\u0151s k\u00f6z\u00f6ns\u00e9g is k\u00fcl\u00f6nleges, ritk\u00e1n l\u00e1that\u00f3 hangulatot teremtett.<br \/>A rendezv\u00e9ny \u00e9letre-h\u00edv\u00e1sa, m\u0171v\u00e9szeti koncepci\u00f3j\u00e1nak kidolgoz\u00e1sa, illetve a hangszeres zene, a t\u00e1nc \u00e9s az \u00e9nek vegy\u00edt\u00e9s\u00e9nek \u00f6tlete Izaki Maszahiro karmester nev\u00e9hez f\u0171z\u0151dik.<br \/>A k\u00f3rusok a nagyzenekarral \u00f6sszefon\u00f3dva \u00e9s a t\u00e1ncosokkal kieg\u00e9sz\u00fclve k\u00fcl\u00f6nleges atmoszf\u00e9r\u00e1t hoztak l\u00e9tre a v\u00e1rosi sportcsarnokban. Az est monument\u00e1lis z\u00e1r\u00f3 k\u00e9pe a Nemzeti Balett klasszikusan koreograf\u00e1lt, ritk\u00e1n l\u00e1that\u00f3 Poloveci t\u00e1nca volt, Borogin, Igor herceg\u00e9b\u0151l.<br \/>Az \u00faj\u00e9vi, \u00e9vadnyit\u00f3 g\u00e1la egyik legfontosabb c\u00e9lkit\u0171z\u00e9se volt a klasszikus zene bemutat\u00e1sa a t\u00e1rsm\u0171v\u00e9szetekkel \u00e9s imm\u00e1r hat\u00e1ron t\u00fali el\u0151ad\u00f3kkal k\u00f6z\u00f6sen. Emellett a rendez\u0151k kiemelt figyelmet ford\u00edtottak arra, hogy ker\u00fclj\u00e9k az akad\u00e9mikuss\u00e1got \u00e9s a produkci\u00f3 ne szakadjon el a k\u00f6z\u00f6ns\u00e9gt\u0151l, \u00edgy hozva k\u00f6zelebb a komolyzen\u00e9t min\u00e9l t\u00f6bbekhez \u00e9vr\u0151l \u00e9vre egyre sikeresebben.<br \/>\n<div style=\"width: 640px;\" class=\"wp-video\"><!--[if lt IE 9]><script>document.createElement('video');<\/script><![endif]-->\n<video class=\"wp-video-shortcode\" id=\"video-16857-1\" width=\"640\" height=\"360\" preload=\"metadata\" controls=\"controls\"><source type=\"video\/mp4\" src=\"\/spots\/hir\/hir_150112_01.mp4?_=1\" \/><a href=\"\/spots\/hir\/hir_150112_01.mp4\">\/spots\/hir\/hir_150112_01.mp4<\/a><\/video><\/div><\/p>\n","protected":false},"excerpt":{"rendered":"<p>\u201eA Vil\u00e1gcirkusz\u201e c\u00edmmel nyitotta meg 50. \u00e9vad\u00e1t -imm\u00e1r negyedik alkalommal nagyszab\u00e1s\u00fa t\u00e1nckoncert form\u00e1j\u00e1ban- a Szolnoki Szimfonikus Zenekar janu\u00e1r 10-\u00e9n a szolnoki sportcsarnokban. A g\u00e1l\u00e1n r\u00e9szletek csend\u00fcltek fel t\u00f6bbek k\u00f6z\u00f6tt Tchaikovsky Di\u00f3t\u00f6r\u00f6j\u00e9b\u0151l, Mozart Requiem-\u00e9b\u0151l \u00e9s Borodin Igor Herceg\u00e9b\u0151l. A Nagyv\u00e1rad T\u00e1ncegy\u00fcttes feket\u00e9be \u00e9s v\u00f6r\u00f6sbe \u00f6lt\u00f6z\u00f6tt, halottnak maszk\u00edrozott t\u00e1ncosai groteszk- \u00e9s abszurd-, de legf\u0151k\u00e9pp realista m\u00f3don jelen\u00edtett\u00e9k [&hellip;]<\/p>\n","protected":false},"author":2,"featured_media":0,"comment_status":"open","ping_status":"open","sticky":false,"template":"","format":"standard","meta":[],"categories":[17],"tags":[],"_links":{"self":[{"href":"http:\/\/archiv.szolnoktv.hu\/index.php?rest_route=\/wp\/v2\/posts\/16857"}],"collection":[{"href":"http:\/\/archiv.szolnoktv.hu\/index.php?rest_route=\/wp\/v2\/posts"}],"about":[{"href":"http:\/\/archiv.szolnoktv.hu\/index.php?rest_route=\/wp\/v2\/types\/post"}],"author":[{"embeddable":true,"href":"http:\/\/archiv.szolnoktv.hu\/index.php?rest_route=\/wp\/v2\/users\/2"}],"replies":[{"embeddable":true,"href":"http:\/\/archiv.szolnoktv.hu\/index.php?rest_route=%2Fwp%2Fv2%2Fcomments&post=16857"}],"version-history":[{"count":1,"href":"http:\/\/archiv.szolnoktv.hu\/index.php?rest_route=\/wp\/v2\/posts\/16857\/revisions"}],"predecessor-version":[{"id":16872,"href":"http:\/\/archiv.szolnoktv.hu\/index.php?rest_route=\/wp\/v2\/posts\/16857\/revisions\/16872"}],"wp:attachment":[{"href":"http:\/\/archiv.szolnoktv.hu\/index.php?rest_route=%2Fwp%2Fv2%2Fmedia&parent=16857"}],"wp:term":[{"taxonomy":"category","embeddable":true,"href":"http:\/\/archiv.szolnoktv.hu\/index.php?rest_route=%2Fwp%2Fv2%2Fcategories&post=16857"},{"taxonomy":"post_tag","embeddable":true,"href":"http:\/\/archiv.szolnoktv.hu\/index.php?rest_route=%2Fwp%2Fv2%2Ftags&post=16857"}],"curies":[{"name":"wp","href":"https:\/\/api.w.org\/{rel}","templated":true}]}}