{"id":16856,"date":"2015-01-12T17:38:19","date_gmt":"2015-01-12T17:38:19","guid":{"rendered":"http:\/\/archiv.szolnoktv.hu\/?p=16856"},"modified":"2021-08-31T07:07:38","modified_gmt":"2021-08-31T07:07:38","slug":"kinai-nyelvoktatas-a-barossban","status":"publish","type":"post","link":"http:\/\/archiv.szolnoktv.hu\/?p=16856","title":{"rendered":"K\u00ednai nyelvoktat\u00e1s a Barossban"},"content":{"rendered":"<div class='booster-block booster-read-block'><\/div><p>K\u00ednai nyelven tanulhatnak a v\u00e1ros k\u00f6z\u00e9piskol\u00e1sai \u00e9s tan\u00e1rai a Baross G\u00e1bor Tagint\u00e9zm\u00e9nyben. Az iskola egyik tan\u00e1ra nem r\u00e9g tette le az alapfok\u00fa nyelvvizsg\u00e1t, j\u00f3 p\u00e9ld\u00e1t mutatva ezzel a di\u00e1kok sz\u00e1m\u00e1ra.<br \/>\n<br \/>Nihao, azaz j\u00f3 napot k\u00ednaiul. Kim, a Szolnoki M\u0171szaki Szakk\u00f6z\u00e9p- \u00e9s Szakiskola Baross G\u00e1bor G\u00e9pipari, K\u00f6zleked\u00e9si Tagint\u00e9zm\u00e9ny\u00e9ben tan\u00edtja a t\u00e1vol keleti nyelvet. Kim haz\u00e1j\u00e1ban utols\u00f3 \u00e9ves, az egyetemen \u00e9pp a k\u00ednai nyelvoktat\u00e1st tanulja k\u00fclf\u00f6ldieknek. T\u00edz h\u00f3napot volt Thaif\u00f6ld\u00f6n, most szeptember \u00f3ta Szolnokon dolgozik.<br \/>A G\u00e9pipari, K\u00f6zleked\u00e9si Tagint\u00e9zm\u00e9nyben 2012. szeptember\u00e9ben indult a k\u00ednai nyelvoktat\u00e1s, az idei m\u00e1r a harmadik \u00e9vfolyam. Szolnokon minden k\u00f6z\u00e9piskolai di\u00e1k, tan\u00e1r \u00e9s dolgoz\u00f3 el\u0151tt nyitott a k\u00e9pz\u00e9s, b\u00e1rki jelentkezhet. Nagy Krisztina m\u00e1r m\u00e1sodik \u00e9ve tanulja a k\u00ednait.<br \/>Az iskola pedag\u00f3gusai is belek\u00f3stoltak a k\u00ednai nyelv tanul\u00e1sba. Sz\u00e9kelyn\u00e9 K\u00f6rmendi Judit kih\u00edv\u00e1snak \u00e9rezte, azt\u00e1n bele is szeretett &#8211; oly annyira, hogy az alapszint\u0171 A1-es nyelvvizsg\u00e1t nem oly r\u00e9gen le is tette. Szerinte is fontos, ha a di\u00e1kok megismerkednek k\u00fcl\u00f6nleges nyelvekkel.<br \/>Az orsz\u00e1g, \u00e9s Szolnok b\u0151v\u00fcl\u0151 k\u00ednai kapcsolatainak k\u00f6sz\u00f6nhet\u0151en egyre nagyobb sz\u00fcks\u00e9g van a nyelvet \u00e9rt\u0151 szakemberekre. Hosszabb t\u00e1von teh\u00e1t nagy lehet\u0151s\u00e9gekkel b\u00edr ez a k\u00e9pz\u00e9s. Mindek\u00f6zben persze Kim, a k\u00ednai tan\u00e1r is tanul &#8211; persze \u0151 magyarul. N\u00e9h\u00e1ny sz\u00f3 m\u00e1r kifejezetten j\u00f3l megy neki is.<br \/>\n<div style=\"width: 640px;\" class=\"wp-video\"><!--[if lt IE 9]><script>document.createElement('video');<\/script><![endif]-->\n<video class=\"wp-video-shortcode\" id=\"video-16856-1\" width=\"640\" height=\"360\" preload=\"metadata\" controls=\"controls\"><source type=\"video\/mp4\" src=\"\/spots\/hir\/hir_150112_04.mp4?_=1\" \/><a href=\"\/spots\/hir\/hir_150112_04.mp4\">\/spots\/hir\/hir_150112_04.mp4<\/a><\/video><\/div><\/p>\n","protected":false},"excerpt":{"rendered":"<p>K\u00ednai nyelven tanulhatnak a v\u00e1ros k\u00f6z\u00e9piskol\u00e1sai \u00e9s tan\u00e1rai a Baross G\u00e1bor Tagint\u00e9zm\u00e9nyben. Az iskola egyik tan\u00e1ra nem r\u00e9g tette le az alapfok\u00fa nyelvvizsg\u00e1t, j\u00f3 p\u00e9ld\u00e1t mutatva ezzel a di\u00e1kok sz\u00e1m\u00e1ra. Nihao, azaz j\u00f3 napot k\u00ednaiul. Kim, a Szolnoki M\u0171szaki Szakk\u00f6z\u00e9p- \u00e9s Szakiskola Baross G\u00e1bor G\u00e9pipari, K\u00f6zleked\u00e9si Tagint\u00e9zm\u00e9ny\u00e9ben tan\u00edtja a t\u00e1vol keleti nyelvet. Kim haz\u00e1j\u00e1ban utols\u00f3 [&hellip;]<\/p>\n","protected":false},"author":2,"featured_media":0,"comment_status":"open","ping_status":"open","sticky":false,"template":"","format":"standard","meta":[],"categories":[17],"tags":[],"_links":{"self":[{"href":"http:\/\/archiv.szolnoktv.hu\/index.php?rest_route=\/wp\/v2\/posts\/16856"}],"collection":[{"href":"http:\/\/archiv.szolnoktv.hu\/index.php?rest_route=\/wp\/v2\/posts"}],"about":[{"href":"http:\/\/archiv.szolnoktv.hu\/index.php?rest_route=\/wp\/v2\/types\/post"}],"author":[{"embeddable":true,"href":"http:\/\/archiv.szolnoktv.hu\/index.php?rest_route=\/wp\/v2\/users\/2"}],"replies":[{"embeddable":true,"href":"http:\/\/archiv.szolnoktv.hu\/index.php?rest_route=%2Fwp%2Fv2%2Fcomments&post=16856"}],"version-history":[{"count":1,"href":"http:\/\/archiv.szolnoktv.hu\/index.php?rest_route=\/wp\/v2\/posts\/16856\/revisions"}],"predecessor-version":[{"id":16873,"href":"http:\/\/archiv.szolnoktv.hu\/index.php?rest_route=\/wp\/v2\/posts\/16856\/revisions\/16873"}],"wp:attachment":[{"href":"http:\/\/archiv.szolnoktv.hu\/index.php?rest_route=%2Fwp%2Fv2%2Fmedia&parent=16856"}],"wp:term":[{"taxonomy":"category","embeddable":true,"href":"http:\/\/archiv.szolnoktv.hu\/index.php?rest_route=%2Fwp%2Fv2%2Fcategories&post=16856"},{"taxonomy":"post_tag","embeddable":true,"href":"http:\/\/archiv.szolnoktv.hu\/index.php?rest_route=%2Fwp%2Fv2%2Ftags&post=16856"}],"curies":[{"name":"wp","href":"https:\/\/api.w.org\/{rel}","templated":true}]}}