{"id":16405,"date":"2016-11-21T18:01:46","date_gmt":"2016-11-21T18:01:46","guid":{"rendered":"http:\/\/archiv.szolnoktv.hu\/?p=16405"},"modified":"2021-08-26T11:41:15","modified_gmt":"2021-08-26T11:41:15","slug":"3-nemzetkozi-versenytanc-gala","status":"publish","type":"post","link":"http:\/\/archiv.szolnoktv.hu\/?p=16405","title":{"rendered":"3. Nemzetk\u00f6zi Versenyt\u00e1nc G\u00e1la"},"content":{"rendered":"<div class='booster-block booster-read-block'><\/div><p>Tudt\u00e1k, hogy Eur\u00f3p\u00e1ban a legfejlettebb a versenyt\u00e1nc kult\u00fara, \u00e9s hogy a magyar t\u00e1ncosok kiemelt helyet foglalnak el a ranglist\u00e1n? P\u00fcsp\u00f6ki D\u00e1vid \u00e9s Mark\u00f3 \u00c1gnes jeles szolnoki k\u00e9pvisel\u0151i ennek a m\u0171fajnak.<\/p>\n<p> A Magyarorsz\u00e1gon egyed\u00fcl\u00e1ll\u00f3 rendezv\u00e9nyen, gy\u00f6ny\u00f6r\u0171 k\u00f6rnyezetben, szinte testk\u00f6zelb\u0151l \u00e9rezhett\u00e9k a t\u00e1nc erej\u00e9t azok a n\u00e9z\u0151k, akik ell\u00e1togattak a 3. Nemzetk\u00f6zi Versenyt\u00e1nc G\u00e1l\u00e1ra. A szervez\u0151k saj\u00e1t t\u00e1ncos m\u00faltjuk hat\u00e1s\u00e1ra hozt\u00e1k l\u00e9tre ezt az \u00e9l\u0151 zen\u00e9vel k\u00eds\u00e9rt felszabadult t\u00e1ncest\u00e9t.    <br \/>\u201eAz \u00f6tlet az abb\u00f3l ad\u00f3dott, hogy t\u00f6bbsz\u00f6r l\u00e1ttuk k\u00fclf\u00f6ld\u00f6n, amikor voltunk versenyeken, hogy milyen szuper, amikor \u00e9l\u0151 zen\u00e9re t\u00e1ncoltak a p\u00e1rosok. Ez volt az els\u0151dleges, ut\u00e1na az az, hogy ezek a p\u00e1rosok folyamatosan versenyeken vesznek r\u00e9szt egy fesz\u00fclt hangulatban, \u00e9s itt Szolnokon teljesen el tudnak lazulni, egy laza frenetikus t\u00e1ncot tudnak adni, \u00e9s emellett a plusz, az pedig az, hogy n\u00e9pszer\u0171s\u00edts\u00fck mag\u00e1t a t\u00e1ncot, \u00e9s a SzolDance TSE-t\u201e -mondta P\u00fcsp\u00f6ki D\u00e1vid az est egyik szervez\u0151je. <\/p>\n<p>A frenetikus hangulatot pedig csak emelte, hogy a g\u00e1l\u00e1n olyan nemzetk\u00f6zileg is elismert, versenyt\u00e1ncos p\u00e1rok jelentek meg, akiket ritk\u00e1n l\u00e1tni versenyen k\u00edv\u00fcl. A szervez\u0151knek m\u00e9gis siker\u00fclt idecs\u00e1b\u00edtaniuk \u0151ket, fel\u00fclm\u00falva az el\u0151z\u0151 k\u00e9t \u00e9v siker\u00e9t is.<\/p>\n<p>\u201e Ezt gyakorlatilag a versenym\u00faltunknak k\u00f6sz\u00f6nhetj\u00fck, hiszen nagyon sokat j\u00e1rtunk mi is k\u00fclf\u00f6ldre versenyezni, \u00e9s az\u00e9rt a j\u00f3 eltelt 10 \u00e9v alatt nagyon sok p\u00e1rossal ismerkedt\u00fcnk \u00f6ssze, \u00e1polunk az\u00f3ta is j\u00f3 kapcsolatot. Gyakorlatilag ebben rejlik ez a titok, hogy amikor az els\u0151 g\u00e1l\u00e1nak is az \u00f6tlete felmer\u00fclt, tudtuk kik azok akik k\u00f6zel \u00e1llnak hozz\u00e1nk, kik azok akik sz\u00edvesen elj\u00f6nn\u00e9nek egy ilyen rendezv\u00e9nyre\u201e -mes\u00e9lte P\u00fcsp\u00f6ki-Mark\u00f3 \u00c1gnes szervez\u0151.<\/p>\n<p>A legnagyobb szenz\u00e1ci\u00f3 azonban az az show-t\u00e1nc csapat volt, akik a Latin Carnev\u00e1l hangulat\u00e1t hozt\u00e1k el a t\u00e1ncparkettre. Valc Szabolcs koreogr\u00e1fus c\u00e9lja a k\u00f6z\u00f6ns\u00e9g megsz\u00f3l\u00edt\u00e1sa is volt.<\/p>\n<p>\u201e Legink\u00e1bb pr\u00f3b\u00e1ljuk, min\u00e9l k\u00f6zelebb a k\u00f6z\u00f6ns\u00e9ghez hozni ezt a dolgot, hogy a k\u00f6z\u00f6ns\u00e9g is lehiggye azt a dolgot, hogy igen ezt \u00e9n is meg tudom csin\u00e1lni ak\u00e1r.\u201e<br \/>\n<div style=\"width: 640px;\" class=\"wp-video\"><!--[if lt IE 9]><script>document.createElement('video');<\/script><![endif]-->\n<video class=\"wp-video-shortcode\" id=\"video-16405-1\" width=\"640\" height=\"360\" preload=\"metadata\" controls=\"controls\"><source type=\"video\/mp4\" src=\"\/spots\/hir\/hir_161121_06.mp4?_=1\" \/><a href=\"\/spots\/hir\/hir_161121_06.mp4\">\/spots\/hir\/hir_161121_06.mp4<\/a><\/video><\/div><\/p>\n","protected":false},"excerpt":{"rendered":"<p>Tudt\u00e1k, hogy Eur\u00f3p\u00e1ban a legfejlettebb a versenyt\u00e1nc kult\u00fara, \u00e9s hogy a magyar t\u00e1ncosok kiemelt helyet foglalnak el a ranglist\u00e1n? P\u00fcsp\u00f6ki D\u00e1vid \u00e9s Mark\u00f3 \u00c1gnes jeles szolnoki k\u00e9pvisel\u0151i ennek a m\u0171fajnak. A Magyarorsz\u00e1gon egyed\u00fcl\u00e1ll\u00f3 rendezv\u00e9nyen, gy\u00f6ny\u00f6r\u0171 k\u00f6rnyezetben, szinte testk\u00f6zelb\u0151l \u00e9rezhett\u00e9k a t\u00e1nc erej\u00e9t azok a n\u00e9z\u0151k, akik ell\u00e1togattak a 3. Nemzetk\u00f6zi Versenyt\u00e1nc G\u00e1l\u00e1ra. A szervez\u0151k saj\u00e1t [&hellip;]<\/p>\n","protected":false},"author":2,"featured_media":0,"comment_status":"closed","ping_status":"closed","sticky":false,"template":"","format":"standard","meta":[],"categories":[16],"tags":[],"_links":{"self":[{"href":"http:\/\/archiv.szolnoktv.hu\/index.php?rest_route=\/wp\/v2\/posts\/16405"}],"collection":[{"href":"http:\/\/archiv.szolnoktv.hu\/index.php?rest_route=\/wp\/v2\/posts"}],"about":[{"href":"http:\/\/archiv.szolnoktv.hu\/index.php?rest_route=\/wp\/v2\/types\/post"}],"author":[{"embeddable":true,"href":"http:\/\/archiv.szolnoktv.hu\/index.php?rest_route=\/wp\/v2\/users\/2"}],"replies":[{"embeddable":true,"href":"http:\/\/archiv.szolnoktv.hu\/index.php?rest_route=%2Fwp%2Fv2%2Fcomments&post=16405"}],"version-history":[{"count":1,"href":"http:\/\/archiv.szolnoktv.hu\/index.php?rest_route=\/wp\/v2\/posts\/16405\/revisions"}],"predecessor-version":[{"id":16416,"href":"http:\/\/archiv.szolnoktv.hu\/index.php?rest_route=\/wp\/v2\/posts\/16405\/revisions\/16416"}],"wp:attachment":[{"href":"http:\/\/archiv.szolnoktv.hu\/index.php?rest_route=%2Fwp%2Fv2%2Fmedia&parent=16405"}],"wp:term":[{"taxonomy":"category","embeddable":true,"href":"http:\/\/archiv.szolnoktv.hu\/index.php?rest_route=%2Fwp%2Fv2%2Fcategories&post=16405"},{"taxonomy":"post_tag","embeddable":true,"href":"http:\/\/archiv.szolnoktv.hu\/index.php?rest_route=%2Fwp%2Fv2%2Ftags&post=16405"}],"curies":[{"name":"wp","href":"https:\/\/api.w.org\/{rel}","templated":true}]}}