{"id":16372,"date":"2016-11-11T19:34:21","date_gmt":"2016-11-11T19:34:21","guid":{"rendered":"http:\/\/archiv.szolnoktv.hu\/?p=16372"},"modified":"2021-08-26T11:41:22","modified_gmt":"2021-08-26T11:41:22","slug":"csokolade-fesztival-2","status":"publish","type":"post","link":"http:\/\/archiv.szolnoktv.hu\/?p=16372","title":{"rendered":"Csokol\u00e1d\u00e9 fesztiv\u00e1l"},"content":{"rendered":"<div class='booster-block booster-read-block'><\/div><p>Megnyitotta kapuit az 5-ik Csokol\u00e1d\u00e9 Fesztiv\u00e1l. Az Aba-Nov\u00e1k Ag\u00f3ra Kultur\u00e1lis K\u00f6zpontban k\u00fcl\u00f6nlegess\u00e9gek, k\u00e9zm\u0171ves csokol\u00e1d\u00e9k \u00e9s k\u00f3stol\u00f3k v\u00e1rj\u00e1k az \u00e9dessz\u00e1j\u00faakat.<\/p>\n<p>A kult\u00fara \u00e9des pillanatai &#8211; csokol\u00e1d\u00e9b\u00f3l. \u00f6t\u00f6dik alkalommal cs\u00e1b\u00edtja az \u00e9des sz\u00e1j\u00faakat, \u00e9s a k\u00fcl\u00f6nlegess\u00e9gekre v\u00e1gy\u00f3kat az Aba-Nov\u00e1k Ag\u00f3ra Kultur\u00e1lis K\u00f6zpont. H\u00e1rom napig minden a csokol\u00e1d\u00e9r\u00f3l sz\u00f3l Szolnokon. Megn\u00e9zhet\u0151, megk\u00f3stolhat\u00f3, megv\u00e1s\u00e1rolhat\u00f3 \u00e9s el is k\u00e9sz\u00edthet\u0151. Az interakt\u00edv ki\u00e1ll\u00edt\u00e1s \u00e9s v\u00e1s\u00e1r a v\u00e1llalkoz\u00f3 szellem\u0171eknek is ny\u00fajt lehet\u0151s\u00e9get.<\/p>\n<p>&#8220;S\u00fctem\u00e9nyt k\u00e9sz\u00edt\u00fcnk, kaptunk goly\u00f3t, azt kell dekor\u00e1lni k\u00fcl\u00f6nb\u00f6z\u0151 sz\u00ednekkel.&#8221;&#8221; -mondja Kerekes T\u00edmea.<\/p>\n<p>Mint minden esztend\u0151ben, id\u00e9n is a min\u0151s\u00e9gi csokol\u00e1d\u00e9k kapj\u00e1k a f\u0151szerepet.<\/p>\n<p>&#8220;&#8221;A min\u0151s\u00e9gi csokir\u00f3l azt kell tudni kaka\u00f3vaj van benne.&#8221;&#8221; -tudtuk meg K\u00f3bor Viktort\u00f3l.<\/p>\n<p>Ban\u00e1nos, levendul\u00e1s, m\u00e1kos, sulyom \u00edz\u0171, ment\u00e1s \u00e9s m\u00e9g ezer f\u00e9le csokol\u00e1d\u00e9 a pultokon. Nem csak el\u0151re elk\u00e9sz\u00edtett finoms\u00e1gokkal, hanem helyben k\u00e9sz\u00fclt csokol\u00e1d\u00e9 kelyhekkel is k\u00edn\u00e1lj\u00e1k az \u00e9rdekl\u0151d\u0151t.<\/p>\n<p>&#8220;&#8221;Sokkal finomabb, lehet \u00e9rezni, hogy frissen k\u00e9sz\u00fclt, min\u0151s\u00e9gi belga csoki, f\u0171szerek, gy\u00fcm\u00f6lcsp\u00fcr\u00e9k, \u00e9n azt mondom, hogy kevesebbet, de min\u0151s\u00e9gi csokol\u00e1d\u00e9t vegyenek az emberek.&#8221;&#8221; -mondta Guly\u00e1s Gy\u00f6ngyv\u00e9r.<\/p>\n<p>S\u00fct\u00f6de, m\u00e9zeskal\u00e1cs udvar, csoki mozi, bon bon p\u00f3dium, csokis s\u00fcti verseny csak n\u00e9h\u00e1ny a kieg\u00e9sz\u00edt\u0151 rendezv\u00e9nyek k\u00f6z\u00fcl. Mes\u00e9k, koncertek, sz\u00ednpadi el\u0151ad\u00e1sok, t\u00e1nch\u00e1z, retro sz\u00e1m\u00edt\u00f3g\u00e9p ki\u00e1ll\u00edt\u00e1s, csokol\u00e1d\u00e9 csomagol\u00e1s ki\u00e1ll\u00edt\u00e1s sz\u00ednes\u00edtik a november 13-ik tart\u00f3 V. Szolnoki Csokol\u00e1d\u00e9 fesztiv\u00e1lt. &#8221;<br \/>\n<div style=\"width: 640px;\" class=\"wp-video\"><!--[if lt IE 9]><script>document.createElement('video');<\/script><![endif]-->\n<video class=\"wp-video-shortcode\" id=\"video-16372-1\" width=\"640\" height=\"360\" preload=\"metadata\" controls=\"controls\"><source type=\"video\/mp4\" src=\"\/spots\/hir\/hir_161111_03.mp4?_=1\" \/><a href=\"\/spots\/hir\/hir_161111_03.mp4\">\/spots\/hir\/hir_161111_03.mp4<\/a><\/video><\/div><\/p>\n","protected":false},"excerpt":{"rendered":"<p>Megnyitotta kapuit az 5-ik Csokol\u00e1d\u00e9 Fesztiv\u00e1l. Az Aba-Nov\u00e1k Ag\u00f3ra Kultur\u00e1lis K\u00f6zpontban k\u00fcl\u00f6nlegess\u00e9gek, k\u00e9zm\u0171ves csokol\u00e1d\u00e9k \u00e9s k\u00f3stol\u00f3k v\u00e1rj\u00e1k az \u00e9dessz\u00e1j\u00faakat. A kult\u00fara \u00e9des pillanatai &#8211; csokol\u00e1d\u00e9b\u00f3l. \u00f6t\u00f6dik alkalommal cs\u00e1b\u00edtja az \u00e9des sz\u00e1j\u00faakat, \u00e9s a k\u00fcl\u00f6nlegess\u00e9gekre v\u00e1gy\u00f3kat az Aba-Nov\u00e1k Ag\u00f3ra Kultur\u00e1lis K\u00f6zpont. H\u00e1rom napig minden a csokol\u00e1d\u00e9r\u00f3l sz\u00f3l Szolnokon. Megn\u00e9zhet\u0151, megk\u00f3stolhat\u00f3, megv\u00e1s\u00e1rolhat\u00f3 \u00e9s el is k\u00e9sz\u00edthet\u0151. Az [&hellip;]<\/p>\n","protected":false},"author":2,"featured_media":0,"comment_status":"closed","ping_status":"closed","sticky":false,"template":"","format":"standard","meta":[],"categories":[16],"tags":[],"_links":{"self":[{"href":"http:\/\/archiv.szolnoktv.hu\/index.php?rest_route=\/wp\/v2\/posts\/16372"}],"collection":[{"href":"http:\/\/archiv.szolnoktv.hu\/index.php?rest_route=\/wp\/v2\/posts"}],"about":[{"href":"http:\/\/archiv.szolnoktv.hu\/index.php?rest_route=\/wp\/v2\/types\/post"}],"author":[{"embeddable":true,"href":"http:\/\/archiv.szolnoktv.hu\/index.php?rest_route=\/wp\/v2\/users\/2"}],"replies":[{"embeddable":true,"href":"http:\/\/archiv.szolnoktv.hu\/index.php?rest_route=%2Fwp%2Fv2%2Fcomments&post=16372"}],"version-history":[{"count":1,"href":"http:\/\/archiv.szolnoktv.hu\/index.php?rest_route=\/wp\/v2\/posts\/16372\/revisions"}],"predecessor-version":[{"id":16449,"href":"http:\/\/archiv.szolnoktv.hu\/index.php?rest_route=\/wp\/v2\/posts\/16372\/revisions\/16449"}],"wp:attachment":[{"href":"http:\/\/archiv.szolnoktv.hu\/index.php?rest_route=%2Fwp%2Fv2%2Fmedia&parent=16372"}],"wp:term":[{"taxonomy":"category","embeddable":true,"href":"http:\/\/archiv.szolnoktv.hu\/index.php?rest_route=%2Fwp%2Fv2%2Fcategories&post=16372"},{"taxonomy":"post_tag","embeddable":true,"href":"http:\/\/archiv.szolnoktv.hu\/index.php?rest_route=%2Fwp%2Fv2%2Ftags&post=16372"}],"curies":[{"name":"wp","href":"https:\/\/api.w.org\/{rel}","templated":true}]}}